{"id":6261,"date":"2021-04-30T09:05:59","date_gmt":"2021-04-30T08:05:59","guid":{"rendered":"https:\/\/www.arc-et-senans.com\/?p=6261"},"modified":"2026-04-17T09:19:21","modified_gmt":"2026-04-17T08:19:21","slug":"camping-la-saline-darc-et-senans","status":"publish","type":"post","link":"https:\/\/www.arc-et-senans.com\/?p=6261","title":{"rendered":"CAMPING LA SALINE D&rsquo;ARC ET SENANS"},"content":{"rendered":"<p><strong>Sophie et Vadim<br \/>32 rue des Graduations<br \/>la Terrasse du Camping, restauration, snack-bar,<\/strong><br \/>\u00e0 consommer sur place ou \u00e0 emporter,<br \/>Ouvert d&rsquo;avril \u00e0 septembre<br \/>de 17 h \u00e0 21 h 00.<br \/>Tel. : 03 81 57 50 28 ou 06 84 82 05 00<br \/>campinglasaline@gmail.com<br \/><span style=\"color: #ff0000;\"><strong>Ouvert \u00e0 toute personne ext\u00e9rieure au camping<br \/>R\u00e9servation conseill\u00e9e.<\/strong><\/span><\/p>\n\n\n<p><\/p>\n","protected":false},"excerpt":{"rendered":"<p>Sophie et Vadim32 rue des Graduationsla Terrasse du Camping, restauration, snack-bar,\u00e0 consommer sur place ou \u00e0 emporter,Ouvert d&rsquo;avril \u00e0 septembrede 17 h \u00e0 21 h 00.Tel. : 03 81 57 50 28 ou 06 84 82 05 00campinglasaline@gmail.comOuvert \u00e0 toute personne ext\u00e9rieure au campingR\u00e9servation conseill\u00e9e.<\/p>\n","protected":false},"author":2,"featured_media":4682,"comment_status":"closed","ping_status":"open","sticky":false,"template":"","format":"standard","meta":{"footnotes":""},"categories":[28,25,3,4,2],"tags":[],"class_list":["post-6261","post","type-post","status-publish","format-standard","has-post-thumbnail","hentry","category-bars-restaurants-salons-de-the","category-economie","category-hebergement","category-restauration","category-tourisme"],"_links":{"self":[{"href":"https:\/\/www.arc-et-senans.com\/index.php?rest_route=\/wp\/v2\/posts\/6261","targetHints":{"allow":["GET"]}}],"collection":[{"href":"https:\/\/www.arc-et-senans.com\/index.php?rest_route=\/wp\/v2\/posts"}],"about":[{"href":"https:\/\/www.arc-et-senans.com\/index.php?rest_route=\/wp\/v2\/types\/post"}],"author":[{"embeddable":true,"href":"https:\/\/www.arc-et-senans.com\/index.php?rest_route=\/wp\/v2\/users\/2"}],"replies":[{"embeddable":true,"href":"https:\/\/www.arc-et-senans.com\/index.php?rest_route=%2Fwp%2Fv2%2Fcomments&post=6261"}],"version-history":[{"count":7,"href":"https:\/\/www.arc-et-senans.com\/index.php?rest_route=\/wp\/v2\/posts\/6261\/revisions"}],"predecessor-version":[{"id":10371,"href":"https:\/\/www.arc-et-senans.com\/index.php?rest_route=\/wp\/v2\/posts\/6261\/revisions\/10371"}],"wp:featuredmedia":[{"embeddable":true,"href":"https:\/\/www.arc-et-senans.com\/index.php?rest_route=\/wp\/v2\/media\/4682"}],"wp:attachment":[{"href":"https:\/\/www.arc-et-senans.com\/index.php?rest_route=%2Fwp%2Fv2%2Fmedia&parent=6261"}],"wp:term":[{"taxonomy":"category","embeddable":true,"href":"https:\/\/www.arc-et-senans.com\/index.php?rest_route=%2Fwp%2Fv2%2Fcategories&post=6261"},{"taxonomy":"post_tag","embeddable":true,"href":"https:\/\/www.arc-et-senans.com\/index.php?rest_route=%2Fwp%2Fv2%2Ftags&post=6261"}],"curies":[{"name":"wp","href":"https:\/\/api.w.org\/{rel}","templated":true}]}}