{"id":5387,"date":"2020-02-04T11:46:39","date_gmt":"2020-02-04T10:46:39","guid":{"rendered":"https:\/\/www.arc-et-senans.com\/?p=5387"},"modified":"2020-02-04T11:50:56","modified_gmt":"2020-02-04T10:50:56","slug":"relais-petite-enfance","status":"publish","type":"post","link":"https:\/\/www.arc-et-senans.com\/?p=5387","title":{"rendered":"RELAIS PETITE ENFANCE"},"content":{"rendered":"<p>Place de l&rsquo;\u00e9glise<br \/>\nMaison des services<br \/>\n25440 QUINGEY<br \/>\nResponsable : Anne COMBY<br \/>\nTel. : 03 81 63 72 05<br \/>\n<span style=\"color: #3366ff;\">relais.quingey@famillesrurales.org<\/span><\/p>\n<p>Le Relais Petite Enfance (ex relais assistantes maternelles) est un <strong>lieu d&rsquo;information et d&rsquo;accompagnement<\/strong> pour les parents, les assistants maternels, les gardes \u00e0 domicile et les professionnels de la petite enfance.<\/p>\n<p>Le Relais Petite Enfance est un <strong>service gratuit.<\/strong><\/p>\n<p>Les parents et les futurs parents peuvent y recevoir gratuitement des conseils et des informations sur l&rsquo;ensemble des modes d&rsquo;accueil.<\/p>\n<p><strong>Il est conseill\u00e9 aux parents \u00e0 la recherche d&rsquo;une assistante maternelle, de prendre contact avec la responsable du Relais pour obtenir la liste mise \u00e0 jour des assistantes maternelles de leur secteur, ainsi que toutes les informations li\u00e9es \u00e0 la fonction d&#8217;employeur.<\/strong><\/p>\n<p>Vous trouverez toutes les informations sur les missions du Relais : missions, journal du relais, planning des animations, conf\u00e9rences, formations, en cliquant sur le lien suivant :<br \/>\n<a href=\"http:\/\/www.famillesrurales.org\/relais_petite_enfance_franche_comte\"><span style=\"color: #ff6600;\">Lien sur le site familles rurales de Franche-Comt\u00e9<\/span><\/a><\/p>\n","protected":false},"excerpt":{"rendered":"<p>Place de l&rsquo;\u00e9glise Maison des services 25440 QUINGEY Responsable : Anne COMBY Tel. : 03 81 63 72 05 relais.quingey@famillesrurales.org Le Relais Petite Enfance (ex relais assistantes maternelles) est un lieu d&rsquo;information et d&rsquo;accompagnement pour les parents, les assistants maternels, les gardes \u00e0 domicile et les professionnels de la petite enfance. Le Relais Petite Enfance &hellip; <a href=\"https:\/\/www.arc-et-senans.com\/?p=5387\" class=\"more-link\">Lire la suite <span class=\"screen-reader-text\">RELAIS PETITE ENFANCE<\/span> <span class=\"meta-nav\">&rarr;<\/span><\/a><\/p>\n","protected":false},"author":2,"featured_media":5380,"comment_status":"closed","ping_status":"open","sticky":false,"template":"","format":"standard","meta":{"footnotes":""},"categories":[50,49],"tags":[],"class_list":["post-5387","post","type-post","status-publish","format-standard","has-post-thumbnail","hentry","category-assistantes-maternelles","category-enfance"],"_links":{"self":[{"href":"https:\/\/www.arc-et-senans.com\/index.php?rest_route=\/wp\/v2\/posts\/5387","targetHints":{"allow":["GET"]}}],"collection":[{"href":"https:\/\/www.arc-et-senans.com\/index.php?rest_route=\/wp\/v2\/posts"}],"about":[{"href":"https:\/\/www.arc-et-senans.com\/index.php?rest_route=\/wp\/v2\/types\/post"}],"author":[{"embeddable":true,"href":"https:\/\/www.arc-et-senans.com\/index.php?rest_route=\/wp\/v2\/users\/2"}],"replies":[{"embeddable":true,"href":"https:\/\/www.arc-et-senans.com\/index.php?rest_route=%2Fwp%2Fv2%2Fcomments&post=5387"}],"version-history":[{"count":0,"href":"https:\/\/www.arc-et-senans.com\/index.php?rest_route=\/wp\/v2\/posts\/5387\/revisions"}],"wp:featuredmedia":[{"embeddable":true,"href":"https:\/\/www.arc-et-senans.com\/index.php?rest_route=\/wp\/v2\/media\/5380"}],"wp:attachment":[{"href":"https:\/\/www.arc-et-senans.com\/index.php?rest_route=%2Fwp%2Fv2%2Fmedia&parent=5387"}],"wp:term":[{"taxonomy":"category","embeddable":true,"href":"https:\/\/www.arc-et-senans.com\/index.php?rest_route=%2Fwp%2Fv2%2Fcategories&post=5387"},{"taxonomy":"post_tag","embeddable":true,"href":"https:\/\/www.arc-et-senans.com\/index.php?rest_route=%2Fwp%2Fv2%2Ftags&post=5387"}],"curies":[{"name":"wp","href":"https:\/\/api.w.org\/{rel}","templated":true}]}}