{"id":3983,"date":"2018-11-13T09:26:16","date_gmt":"2018-11-13T08:26:16","guid":{"rendered":"http:\/\/www.arc-et-senans.com\/?p=3983"},"modified":"2025-04-28T09:22:42","modified_gmt":"2025-04-28T08:22:42","slug":"la-fruitiere-a-energies","status":"publish","type":"post","link":"https:\/\/www.arc-et-senans.com\/?p=3983","title":{"rendered":"La Fruiti\u00e8re \u00e0 Energies"},"content":{"rendered":"<p>UNE ENTREPRISE ENERGETIQUE DE TERRITOIRE, PRES DE CHEZ VOUS.<\/p>\n<p>Cr\u00e9\u00e9e en juin 2017, \u00e0 l&rsquo;initiative de l&rsquo;association <strong>EMNE<\/strong> (<strong>E<\/strong>nsemble <strong>M<\/strong>obilisons <strong>N<\/strong>os <strong>E<\/strong>nergies) et d&rsquo;un groupe d&rsquo;habitants du territoire de Quingey, <strong>la Fruiti\u00e8re \u00e0 Energies<\/strong> d\u00e9veloppe des projets d&rsquo;\u00e9nergies renouvelables et de mobilisation citoyenne.<\/p>\n<p><!--more--><br \/>\nCette<strong> E<\/strong>ntreprise <strong>S<\/strong>olidaire d&rsquo;<strong>U<\/strong>tilit\u00e9<strong> S<\/strong>ociale mobilise localement des comp\u00e9tences humaines et financi\u00e8res pour assurer la transition \u00e9nerg\u00e9tique.<br \/>\nElle accompagne les particuliers, entreprises, agriculteurs, collectivit\u00e9s locales, pour s\u00e9curiser et investir \u00e0 prix juste dans les \u00e9nergies renouvelables.<br \/>\n<strong>La Fruiti\u00e8re \u00e0 Energies<\/strong> est une entreprise innovante, participative et citoyenne.<br \/>\nElle appartient aux habitants, vous pouvez bien s\u00fbr la rejoindre et ainsi \u00eatre acteur de l&rsquo;avenir \u00e9nerg\u00e9tique de votre territoire en soutenant une action citoyenne d&rsquo;acc\u00e9l\u00e9ration de la transition \u00e9nerg\u00e9tique.<\/p>\n<p>Pour plus de renseignements :<br \/>\n<span style=\"color: #0000ff;\">www.fruitiere-energies.fr<\/span><br \/>\n<span style=\"color: #0000ff;\">contact@fruitiere-energies.fr<\/span><br \/>\nTel. : 06 99 42 87 01<\/p>\n<p>&nbsp;<\/p>\n","protected":false},"excerpt":{"rendered":"<p>UNE ENTREPRISE ENERGETIQUE DE TERRITOIRE, PRES DE CHEZ VOUS. Cr\u00e9\u00e9e en juin 2017, \u00e0 l&rsquo;initiative de l&rsquo;association EMNE (Ensemble Mobilisons Nos Energies) et d&rsquo;un groupe d&rsquo;habitants du territoire de Quingey, la Fruiti\u00e8re \u00e0 Energies d\u00e9veloppe des projets d&rsquo;\u00e9nergies renouvelables et de mobilisation citoyenne.<\/p>\n","protected":false},"author":2,"featured_media":3985,"comment_status":"closed","ping_status":"open","sticky":false,"template":"","format":"standard","meta":{"footnotes":""},"categories":[14,7],"tags":[],"class_list":["post-3983","post","type-post","status-publish","format-standard","has-post-thumbnail","hentry","category-environnement","category-vie-associative"],"_links":{"self":[{"href":"https:\/\/www.arc-et-senans.com\/index.php?rest_route=\/wp\/v2\/posts\/3983","targetHints":{"allow":["GET"]}}],"collection":[{"href":"https:\/\/www.arc-et-senans.com\/index.php?rest_route=\/wp\/v2\/posts"}],"about":[{"href":"https:\/\/www.arc-et-senans.com\/index.php?rest_route=\/wp\/v2\/types\/post"}],"author":[{"embeddable":true,"href":"https:\/\/www.arc-et-senans.com\/index.php?rest_route=\/wp\/v2\/users\/2"}],"replies":[{"embeddable":true,"href":"https:\/\/www.arc-et-senans.com\/index.php?rest_route=%2Fwp%2Fv2%2Fcomments&post=3983"}],"version-history":[{"count":1,"href":"https:\/\/www.arc-et-senans.com\/index.php?rest_route=\/wp\/v2\/posts\/3983\/revisions"}],"predecessor-version":[{"id":9458,"href":"https:\/\/www.arc-et-senans.com\/index.php?rest_route=\/wp\/v2\/posts\/3983\/revisions\/9458"}],"wp:featuredmedia":[{"embeddable":true,"href":"https:\/\/www.arc-et-senans.com\/index.php?rest_route=\/wp\/v2\/media\/3985"}],"wp:attachment":[{"href":"https:\/\/www.arc-et-senans.com\/index.php?rest_route=%2Fwp%2Fv2%2Fmedia&parent=3983"}],"wp:term":[{"taxonomy":"category","embeddable":true,"href":"https:\/\/www.arc-et-senans.com\/index.php?rest_route=%2Fwp%2Fv2%2Fcategories&post=3983"},{"taxonomy":"post_tag","embeddable":true,"href":"https:\/\/www.arc-et-senans.com\/index.php?rest_route=%2Fwp%2Fv2%2Ftags&post=3983"}],"curies":[{"name":"wp","href":"https:\/\/api.w.org\/{rel}","templated":true}]}}