{"id":294,"date":"2015-07-22T09:45:28","date_gmt":"2015-07-22T08:45:28","guid":{"rendered":"http:\/\/www.arc-et-senans.com\/?p=294"},"modified":"2026-04-16T10:40:08","modified_gmt":"2026-04-16T09:40:08","slug":"gerard-lacoste","status":"publish","type":"post","link":"https:\/\/www.arc-et-senans.com\/?p=294","title":{"rendered":"Pascal PERCIER"},"content":{"rendered":"<h3>Conseiller d\u00e9l\u00e9gu\u00e9 au Maire<\/h3>\n<ul>\n<li>Communication &#8211; Archives et Histoire<\/li>\n<li>Jumelage<\/li>\n<li>S\u00e9curit\u00e9 publique<\/li>\n<li>appel d&rsquo;offres<\/li>\n<li>PLU<\/li>\n<li>D\u00e9l\u00e9gu\u00e9 au syndicat mixte Loue Lison<\/li>\n<li>Relation avec la Communaut\u00e9 de Communes Loue Lison<\/li>\n<\/ul>\n","protected":false},"excerpt":{"rendered":"<p>Conseiller d\u00e9l\u00e9gu\u00e9 au Maire Communication &#8211; Archives et Histoire Jumelage S\u00e9curit\u00e9 publique appel d&rsquo;offres PLU D\u00e9l\u00e9gu\u00e9 au syndicat mixte Loue Lison Relation avec la Communaut\u00e9 de Communes Loue Lison<\/p>\n","protected":false},"author":1,"featured_media":290,"comment_status":"closed","ping_status":"open","sticky":false,"template":"","format":"standard","meta":{"footnotes":""},"categories":[22],"tags":[],"class_list":["post-294","post","type-post","status-publish","format-standard","has-post-thumbnail","hentry","category-commissions"],"_links":{"self":[{"href":"https:\/\/www.arc-et-senans.com\/index.php?rest_route=\/wp\/v2\/posts\/294","targetHints":{"allow":["GET"]}}],"collection":[{"href":"https:\/\/www.arc-et-senans.com\/index.php?rest_route=\/wp\/v2\/posts"}],"about":[{"href":"https:\/\/www.arc-et-senans.com\/index.php?rest_route=\/wp\/v2\/types\/post"}],"author":[{"embeddable":true,"href":"https:\/\/www.arc-et-senans.com\/index.php?rest_route=\/wp\/v2\/users\/1"}],"replies":[{"embeddable":true,"href":"https:\/\/www.arc-et-senans.com\/index.php?rest_route=%2Fwp%2Fv2%2Fcomments&post=294"}],"version-history":[{"count":4,"href":"https:\/\/www.arc-et-senans.com\/index.php?rest_route=\/wp\/v2\/posts\/294\/revisions"}],"predecessor-version":[{"id":10358,"href":"https:\/\/www.arc-et-senans.com\/index.php?rest_route=\/wp\/v2\/posts\/294\/revisions\/10358"}],"wp:featuredmedia":[{"embeddable":true,"href":"https:\/\/www.arc-et-senans.com\/index.php?rest_route=\/wp\/v2\/media\/290"}],"wp:attachment":[{"href":"https:\/\/www.arc-et-senans.com\/index.php?rest_route=%2Fwp%2Fv2%2Fmedia&parent=294"}],"wp:term":[{"taxonomy":"category","embeddable":true,"href":"https:\/\/www.arc-et-senans.com\/index.php?rest_route=%2Fwp%2Fv2%2Fcategories&post=294"},{"taxonomy":"post_tag","embeddable":true,"href":"https:\/\/www.arc-et-senans.com\/index.php?rest_route=%2Fwp%2Fv2%2Ftags&post=294"}],"curies":[{"name":"wp","href":"https:\/\/api.w.org\/{rel}","templated":true}]}}