{"id":188,"date":"2015-07-21T08:10:03","date_gmt":"2015-07-21T07:10:03","guid":{"rendered":"http:\/\/www.arc-et-senans.com\/?p=188"},"modified":"2026-04-28T10:19:32","modified_gmt":"2026-04-28T09:19:32","slug":"amicale-des-anciens-d-afn","status":"publish","type":"post","link":"https:\/\/www.arc-et-senans.com\/?p=188","title":{"rendered":"Amicale des anciens d&rsquo;AFN"},"content":{"rendered":"<p>Pr\u00e9sident : LANOY Jean<br \/>\nt\u00e9l : 03 81 63 57 36<\/p>\n<p>Le but de notre association est de d\u00e9fendre la m\u00e9moire de ceux qui ont combattu pour la libert\u00e9 de la nation et de maintenir des liens d&rsquo;amiti\u00e9 et de solidarit\u00e9 entre ses membres.<br \/>\nCette association cr\u00e9\u00e9e en 1970 compte 108 adh\u00e9rents.<\/p>\n<p>Bureau :<br \/>\n<span style=\"font-size: revert; color: initial;\">Pr\u00e9sident :\u00a0 LANOY Jean<br \/>\n<\/span>Vice-pr\u00e9sidents :<br \/>\nLAITHIER Georges, LAPASSET Jean-Claude<br \/>\nSecr\u00e9taire : FAIVRE Nicole<br \/>\nTr\u00e9sorier : LAVAIRE Gabriel<\/p>\n","protected":false},"excerpt":{"rendered":"<p>Pr\u00e9sident : LANOY Jean t\u00e9l : 03 81 63 57 36 Le but de notre association est de d\u00e9fendre la m\u00e9moire de ceux qui ont combattu pour la libert\u00e9 de la nation et de maintenir des liens d&rsquo;amiti\u00e9 et de solidarit\u00e9 entre ses membres. Cette association cr\u00e9\u00e9e en 1970 compte 108 adh\u00e9rents. Bureau : Pr\u00e9sident &hellip; <a href=\"https:\/\/www.arc-et-senans.com\/?p=188\" class=\"more-link\">Lire la suite <span class=\"screen-reader-text\">Amicale des anciens d&rsquo;AFN<\/span> <span class=\"meta-nav\">&rarr;<\/span><\/a><\/p>\n","protected":false},"author":1,"featured_media":189,"comment_status":"closed","ping_status":"open","sticky":false,"template":"","format":"standard","meta":{"footnotes":""},"categories":[16,7],"tags":[],"class_list":["post-188","post","type-post","status-publish","format-standard","has-post-thumbnail","hentry","category-anciens-combattants","category-vie-associative"],"_links":{"self":[{"href":"https:\/\/www.arc-et-senans.com\/index.php?rest_route=\/wp\/v2\/posts\/188","targetHints":{"allow":["GET"]}}],"collection":[{"href":"https:\/\/www.arc-et-senans.com\/index.php?rest_route=\/wp\/v2\/posts"}],"about":[{"href":"https:\/\/www.arc-et-senans.com\/index.php?rest_route=\/wp\/v2\/types\/post"}],"author":[{"embeddable":true,"href":"https:\/\/www.arc-et-senans.com\/index.php?rest_route=\/wp\/v2\/users\/1"}],"replies":[{"embeddable":true,"href":"https:\/\/www.arc-et-senans.com\/index.php?rest_route=%2Fwp%2Fv2%2Fcomments&post=188"}],"version-history":[{"count":4,"href":"https:\/\/www.arc-et-senans.com\/index.php?rest_route=\/wp\/v2\/posts\/188\/revisions"}],"predecessor-version":[{"id":10477,"href":"https:\/\/www.arc-et-senans.com\/index.php?rest_route=\/wp\/v2\/posts\/188\/revisions\/10477"}],"wp:featuredmedia":[{"embeddable":true,"href":"https:\/\/www.arc-et-senans.com\/index.php?rest_route=\/wp\/v2\/media\/189"}],"wp:attachment":[{"href":"https:\/\/www.arc-et-senans.com\/index.php?rest_route=%2Fwp%2Fv2%2Fmedia&parent=188"}],"wp:term":[{"taxonomy":"category","embeddable":true,"href":"https:\/\/www.arc-et-senans.com\/index.php?rest_route=%2Fwp%2Fv2%2Fcategories&post=188"},{"taxonomy":"post_tag","embeddable":true,"href":"https:\/\/www.arc-et-senans.com\/index.php?rest_route=%2Fwp%2Fv2%2Ftags&post=188"}],"curies":[{"name":"wp","href":"https:\/\/api.w.org\/{rel}","templated":true}]}}