{"id":10472,"date":"2026-04-28T09:44:11","date_gmt":"2026-04-28T08:44:11","guid":{"rendered":"https:\/\/www.arc-et-senans.com\/?p=10472"},"modified":"2026-04-28T09:44:11","modified_gmt":"2026-04-28T08:44:11","slug":"orientation-des-eleves-dans-le-secondaire","status":"publish","type":"post","link":"https:\/\/www.arc-et-senans.com\/?p=10472","title":{"rendered":"ORIENTATION DES ELEVES DANS LE SECONDAIRE"},"content":{"rendered":"<p style=\"font-weight: 400;\">INFORMATIONS PRATIQUES POUR L\u2019ORIENTATION DES ELEVES D\u2019ARC-ET-SENANS DANS LE SECONDAIRE :<\/p>\n<p style=\"font-weight: 400;\">Nous vous informons que la double sectorisation concernant le coll\u00e8ge ET le lyc\u00e9e a \u00e9t\u00e9 accept\u00e9e.<\/p>\n<p style=\"font-weight: 400;\">Les \u00e9l\u00e8ves d\u2019Arc-et-Senans peuvent dor\u00e9navant aller :<\/p>\n<p style=\"font-weight: 400;\">&#8211; Au coll\u00e8ge : F\u00e9lix GAFFIOT (Quingey) ou Victor CONSIDERANT (Salins-les-Bains)<\/p>\n<p style=\"font-weight: 400;\">&#8211; Au lyc\u00e9e Victor HUGO (Besan\u00e7on) ou Victor CONSIDERANT (Salins-les-Bains)<\/p>\n<p style=\"font-weight: 400;\">Vous trouverez ci-dessous les coordonn\u00e9es des diff\u00e9rents \u00e9tablissements :<\/p>\n<p>Coll\u00e8ge F\u00e9lix Gaffiot<br \/>\n12 Rue Calixte II, 25440 Quingey<br \/>\n03 81 63 60 55<\/p>\n<p style=\"font-weight: 400;\">Lyc\u00e9e Victor Hugo<br \/>\n1 Rue Rembrandt, 25000 Besan\u00e7on<br \/>\n03 81 41 98 88<\/p>\n<p style=\"font-weight: 400;\">Coll\u00e8ge &amp; Lyc\u00e9e G\u00e9n\u00e9ral Victor Consid\u00e9rant<br \/>\nRte d&rsquo;Ornans, 39110 Salins-les-Bains<br \/>\n03 84 73 02 78<\/p>\n","protected":false},"excerpt":{"rendered":"<p>INFORMATIONS PRATIQUES POUR L\u2019ORIENTATION DES ELEVES D\u2019ARC-ET-SENANS DANS LE SECONDAIRE : Nous vous informons que la double sectorisation concernant le coll\u00e8ge ET le lyc\u00e9e a \u00e9t\u00e9 accept\u00e9e. Les \u00e9l\u00e8ves d\u2019Arc-et-Senans peuvent dor\u00e9navant aller : &#8211; Au coll\u00e8ge : F\u00e9lix GAFFIOT (Quingey) ou Victor CONSIDERANT (Salins-les-Bains) &#8211; Au lyc\u00e9e Victor HUGO (Besan\u00e7on) ou Victor CONSIDERANT (Salins-les-Bains) &hellip; <a href=\"https:\/\/www.arc-et-senans.com\/?p=10472\" class=\"more-link\">Lire la suite <span class=\"screen-reader-text\">ORIENTATION DES ELEVES DANS LE SECONDAIRE<\/span> <span class=\"meta-nav\">&rarr;<\/span><\/a><\/p>\n","protected":false},"author":2,"featured_media":286,"comment_status":"closed","ping_status":"open","sticky":false,"template":"","format":"standard","meta":{"footnotes":""},"categories":[18,51,49],"tags":[],"class_list":["post-10472","post","type-post","status-publish","format-standard","has-post-thumbnail","hentry","category-a-la-une","category-ecoles-primaires","category-enfance"],"_links":{"self":[{"href":"https:\/\/www.arc-et-senans.com\/index.php?rest_route=\/wp\/v2\/posts\/10472","targetHints":{"allow":["GET"]}}],"collection":[{"href":"https:\/\/www.arc-et-senans.com\/index.php?rest_route=\/wp\/v2\/posts"}],"about":[{"href":"https:\/\/www.arc-et-senans.com\/index.php?rest_route=\/wp\/v2\/types\/post"}],"author":[{"embeddable":true,"href":"https:\/\/www.arc-et-senans.com\/index.php?rest_route=\/wp\/v2\/users\/2"}],"replies":[{"embeddable":true,"href":"https:\/\/www.arc-et-senans.com\/index.php?rest_route=%2Fwp%2Fv2%2Fcomments&post=10472"}],"version-history":[{"count":1,"href":"https:\/\/www.arc-et-senans.com\/index.php?rest_route=\/wp\/v2\/posts\/10472\/revisions"}],"predecessor-version":[{"id":10473,"href":"https:\/\/www.arc-et-senans.com\/index.php?rest_route=\/wp\/v2\/posts\/10472\/revisions\/10473"}],"wp:featuredmedia":[{"embeddable":true,"href":"https:\/\/www.arc-et-senans.com\/index.php?rest_route=\/wp\/v2\/media\/286"}],"wp:attachment":[{"href":"https:\/\/www.arc-et-senans.com\/index.php?rest_route=%2Fwp%2Fv2%2Fmedia&parent=10472"}],"wp:term":[{"taxonomy":"category","embeddable":true,"href":"https:\/\/www.arc-et-senans.com\/index.php?rest_route=%2Fwp%2Fv2%2Fcategories&post=10472"},{"taxonomy":"post_tag","embeddable":true,"href":"https:\/\/www.arc-et-senans.com\/index.php?rest_route=%2Fwp%2Fv2%2Ftags&post=10472"}],"curies":[{"name":"wp","href":"https:\/\/api.w.org\/{rel}","templated":true}]}}